{"id":8541,"date":"2021-11-15T17:45:00","date_gmt":"2021-11-15T15:45:00","guid":{"rendered":"https:\/\/www.camforpro.com\/blog\/?p=8541"},"modified":"2021-12-13T17:39:06","modified_gmt":"2021-12-13T15:39:06","slug":"black-week-sale-2021","status":"publish","type":"post","link":"https:\/\/www.camforpro.com\/blog\/black-week-sale-2021\/","title":{"rendered":"\u2026pssst! Black Week Sale is coming."},"content":{"rendered":"\n<p>Von Single \u00fcber Cyber\u2013 eine Rabatt-Aktion jagt derzeit die N\u00e4chste. Die Black Week jedoch ist die Kirsche auf der Schn\u00e4ppchen-Torte und gilt zurecht als DAS Top-Event f\u00fcr alle preisbewussten Online-Shopper. Bei camforpro genie\u00dfen die Tage rund um den schwarzen Freitag echten Kultstatus, denn wir sind von der ersten Stunde an dabei und feiern den Hype um die Preis-Knaller bereits seit 2012 mit euch ab. Und weil man Traditionen bekanntlich pflegen soll, haben wir nat\u00fcrlich auch in <strong>2021<\/strong> wieder echte <strong>Top-Deals<\/strong> und <strong>satte Rabatte<\/strong> auf ausgew\u00e4hlte Marken von <strong>bis zu 30%<\/strong> f\u00fcr euch parat!<\/p>\n\n\n\n<h4>Make a wish<\/h4>\n\n\n\n<p>Der Startschuss f\u00fcr den <strong>Black Week Sale 2021<\/strong> f\u00e4llt bereits am kommenden Sonntag, 21.11.2021 \u2013 definitiv also langsam Zeit, sich aufzuw\u00e4rmen und den ein oder anderen Artikel aus unserem Sortiment rund um Actioncam, Drohne &amp; Zubeh\u00f6r in der <strong>Wunschliste<\/strong> zu speichern. Auch in diesem Jahr werden wir die Produkte wieder <strong>direkt<\/strong> im Shop f\u00fcr euch reduzieren, so dass ihr euch bequem und ganz <strong>ohne Code<\/strong> zum Check-Out begeben k\u00f6nnt. <strong>Profi-Tipp<\/strong>: Bei camforpro k\u00f6nnt ihr mehrere Wunschlisten in eurem Kundenkonto anlegen und diese auf Wunsch auch \u00f6ffentlich, f\u00fcr Familie oder Freunde einsehbar machen. Wer wei\u00df, vielleicht wirft der Weihnachtsmann himself ja auch einen Blick drauf?<\/p>\n\n\n\n<p>W\u00e4hrend unseres <strong>Black Week Sale 2021 <\/strong>vom<strong> 21.-28.11.21<\/strong> rund um <strong>Kameras und Equipment f\u00fcr Action und Lifestyle<\/strong> soll und darf man sich aber  auch selbst belohnen. Unsere Rabatte von <strong>5-25%<\/strong> auf <strong>einzelne Produkte<\/strong> und Top-Deals von bis zu <strong>30% auf ausgew\u00e4hlte Marken<\/strong> machen auch in diesem Jahr richtig Spa\u00df und mal ehrlich \u2013 eine Belohnung haben wir uns nach den letzten anderthalb Jahren doch wohl alle redlich verdient.<\/p>\n\n\n\n<h4>Adrenalin f\u00fcr Schn\u00e4ppchenj\u00e4ger<\/h4>\n\n\n\n<p>Der Black Friday ist in den USA \u00fcbrigens der erste Freitag nach Thanksgiving und der traditionelle Startschuss zur vorweihnachtlichen Einkaufssaison. An diesem Tag bzw. der vorhergehenden Woche liefern sich Anbieter dort seit vielen Jahren echte Rabattschlachten und machen den Black Friday damit zum umsatzst\u00e4rksten Tag des amerikanischen Einzelhandels. Vor rund 10 Jahren hat das Black Friday Fieber auch uns Europ\u00e4er angesteckt. Wenn Du bereits jetzt Deine Lieblingsshops im Stundentakt auf News \u00fcberpr\u00fcfst und liebevoll Wunschlisten anlegt, bist Du \u00fcbrigens selbst infiziert und wir erz\u00e4hlen Dir nat\u00fcrlich nichts Neues.<\/p>\n\n\n\n<p>Ab Sonntag, 21.11.21, hat das Warten ein Ende und wir starten f\u00fcr euch mit <strong>tollen Rabatten<\/strong> und <strong>ausgew\u00e4hlten Special Deals<\/strong> in den camforpro <strong>Black Week Sale 2021<\/strong>. Der tiefschwarze Freitag rundet die Woche ab, aber wie immer gilt: Alle Angebote nur \u201esolange der Vorrat reicht\u201c!<\/p>\n","protected":false},"excerpt":{"rendered":"<p>Von Single \u00fcber Cyber\u2013 eine Rabatt-Aktion jagt derzeit die N\u00e4chste. Die Black Week jedoch ist die Kirsche auf der Schn\u00e4ppchen-Torte und gilt zurecht als DAS Top-Event f\u00fcr alle preisbewussten Online-Shopper. Bei camforpro genie\u00dfen die Tage rund um den schwarzen Freitag echten Kultstatus, denn wir sind von der ersten Stunde an dabei und feiern den Hype [&hellip;]<\/p>\n","protected":false},"author":7,"featured_media":8543,"comment_status":"open","ping_status":"open","sticky":false,"template":"","format":"standard","meta":[],"categories":[1,2],"tags":[886,888],"yoast_head":"<!-- This site is optimized with the Yoast SEO plugin v18.4.1 - https:\/\/yoast.com\/wordpress\/plugins\/seo\/ -->\n<title>Black Week 2021 f\u00fcr Kameras, Drohnen und Zubeh\u00f6r bei camforpro.<\/title>\n<meta name=\"description\" content=\"Kameras und Equipment f\u00fcr Action und Lifestyle - das ist camforpro. Auch in 2021 starten wir unsere Black Week mit satten Rabatten und Deals\" \/>\n<meta name=\"robots\" content=\"index, follow, max-snippet:-1, max-image-preview:large, max-video-preview:-1\" \/>\n<link rel=\"canonical\" href=\"https:\/\/www.camforpro.com\/blog\/black-week-sale-2021\/\" \/>\n<meta property=\"og:locale\" content=\"de_DE\" \/>\n<meta property=\"og:type\" content=\"article\" \/>\n<meta property=\"og:title\" content=\"Black Week 2021 f\u00fcr Kameras, Drohnen und Zubeh\u00f6r bei camforpro.\" \/>\n<meta property=\"og:description\" content=\"Kameras und Equipment f\u00fcr Action und Lifestyle - das ist camforpro. Auch in 2021 starten wir unsere Black Week mit satten Rabatten und Deals\" \/>\n<meta property=\"og:url\" content=\"https:\/\/www.camforpro.com\/blog\/black-week-sale-2021\/\" \/>\n<meta property=\"og:site_name\" content=\"camforpro Blog\" \/>\n<meta property=\"article:publisher\" content=\"http:\/\/www.facebook.com\/camforpro\/?fref=ts\" \/>\n<meta property=\"article:published_time\" content=\"2021-11-15T15:45:00+00:00\" \/>\n<meta property=\"article:modified_time\" content=\"2021-12-13T15:39:06+00:00\" \/>\n<meta property=\"og:image\" content=\"https:\/\/www.camforpro.com\/blog\/wp-content\/uploads\/2021\/11\/bws21_banner_1920x1080_logo_v01.jpg\" \/>\n\t<meta property=\"og:image:width\" content=\"1920\" \/>\n\t<meta property=\"og:image:height\" content=\"1080\" \/>\n\t<meta property=\"og:image:type\" content=\"image\/jpeg\" \/>\n<meta name=\"twitter:card\" content=\"summary\" \/>\n<meta name=\"twitter:label1\" content=\"Verfasst von\" \/>\n\t<meta name=\"twitter:data1\" content=\"Pierre\" \/>\n\t<meta name=\"twitter:label2\" content=\"Gesch\u00e4tzte Lesezeit\" \/>\n\t<meta name=\"twitter:data2\" content=\"2\u00a0Minuten\" \/>\n<script type=\"application\/ld+json\" class=\"yoast-schema-graph\">{\"@context\":\"https:\/\/schema.org\",\"@graph\":[{\"@type\":\"WebSite\",\"@id\":\"https:\/\/www.camforpro.com\/blog\/#website\",\"url\":\"https:\/\/www.camforpro.com\/blog\/\",\"name\":\"camforpro Blog\",\"description\":\"\",\"potentialAction\":[{\"@type\":\"SearchAction\",\"target\":{\"@type\":\"EntryPoint\",\"urlTemplate\":\"https:\/\/www.camforpro.com\/blog\/?s={search_term_string}\"},\"query-input\":\"required name=search_term_string\"}],\"inLanguage\":\"de\"},{\"@type\":\"ImageObject\",\"@id\":\"https:\/\/www.camforpro.com\/blog\/black-week-sale-2021\/#primaryimage\",\"inLanguage\":\"de\",\"url\":\"https:\/\/www.camforpro.com\/blog\/wp-content\/uploads\/2021\/11\/bws21_banner_1920x1080_logo_v01.jpg\",\"contentUrl\":\"https:\/\/www.camforpro.com\/blog\/wp-content\/uploads\/2021\/11\/bws21_banner_1920x1080_logo_v01.jpg\",\"width\":1920,\"height\":1080,\"caption\":\"camforpro Black Week Sale 2021\"},{\"@type\":\"WebPage\",\"@id\":\"https:\/\/www.camforpro.com\/blog\/black-week-sale-2021\/#webpage\",\"url\":\"https:\/\/www.camforpro.com\/blog\/black-week-sale-2021\/\",\"name\":\"Black Week 2021 f\u00fcr Kameras, Drohnen und Zubeh\u00f6r bei camforpro.\",\"isPartOf\":{\"@id\":\"https:\/\/www.camforpro.com\/blog\/#website\"},\"primaryImageOfPage\":{\"@id\":\"https:\/\/www.camforpro.com\/blog\/black-week-sale-2021\/#primaryimage\"},\"datePublished\":\"2021-11-15T15:45:00+00:00\",\"dateModified\":\"2021-12-13T15:39:06+00:00\",\"author\":{\"@id\":\"https:\/\/www.camforpro.com\/blog\/#\/schema\/person\/3e5e318c783fce5b3a1146819a1c661b\"},\"description\":\"Kameras und Equipment f\u00fcr Action und Lifestyle - das ist camforpro. Auch in 2021 starten wir unsere Black Week mit satten Rabatten und Deals\",\"breadcrumb\":{\"@id\":\"https:\/\/www.camforpro.com\/blog\/black-week-sale-2021\/#breadcrumb\"},\"inLanguage\":\"de\",\"potentialAction\":[{\"@type\":\"ReadAction\",\"target\":[\"https:\/\/www.camforpro.com\/blog\/black-week-sale-2021\/\"]}]},{\"@type\":\"BreadcrumbList\",\"@id\":\"https:\/\/www.camforpro.com\/blog\/black-week-sale-2021\/#breadcrumb\",\"itemListElement\":[{\"@type\":\"ListItem\",\"position\":1,\"name\":\"Home\",\"item\":\"https:\/\/www.camforpro.com\/blog\/\"},{\"@type\":\"ListItem\",\"position\":2,\"name\":\"\u2026pssst! Black Week Sale is coming.\"}]},{\"@type\":\"Person\",\"@id\":\"https:\/\/www.camforpro.com\/blog\/#\/schema\/person\/3e5e318c783fce5b3a1146819a1c661b\",\"name\":\"Pierre\",\"image\":{\"@type\":\"ImageObject\",\"@id\":\"https:\/\/www.camforpro.com\/blog\/#personlogo\",\"inLanguage\":\"de\",\"url\":\"https:\/\/secure.gravatar.com\/avatar\/e58178c2f883f9f5200a87e77b4d34b8?s=96&d=mm&r=g\",\"contentUrl\":\"https:\/\/secure.gravatar.com\/avatar\/e58178c2f883f9f5200a87e77b4d34b8?s=96&d=mm&r=g\",\"caption\":\"Pierre\"},\"url\":\"https:\/\/www.camforpro.com\/blog\/author\/pierre\/\"}]}<\/script>\n<!-- \/ Yoast SEO plugin. -->","yoast_head_json":{"title":"Black Week 2021 f\u00fcr Kameras, Drohnen und Zubeh\u00f6r bei camforpro.","description":"Kameras und Equipment f\u00fcr Action und Lifestyle - das ist camforpro. Auch in 2021 starten wir unsere Black Week mit satten Rabatten und Deals","robots":{"index":"index","follow":"follow","max-snippet":"max-snippet:-1","max-image-preview":"max-image-preview:large","max-video-preview":"max-video-preview:-1"},"canonical":"https:\/\/www.camforpro.com\/blog\/black-week-sale-2021\/","og_locale":"de_DE","og_type":"article","og_title":"Black Week 2021 f\u00fcr Kameras, Drohnen und Zubeh\u00f6r bei camforpro.","og_description":"Kameras und Equipment f\u00fcr Action und Lifestyle - das ist camforpro. Auch in 2021 starten wir unsere Black Week mit satten Rabatten und Deals","og_url":"https:\/\/www.camforpro.com\/blog\/black-week-sale-2021\/","og_site_name":"camforpro Blog","article_publisher":"http:\/\/www.facebook.com\/camforpro\/?fref=ts","article_published_time":"2021-11-15T15:45:00+00:00","article_modified_time":"2021-12-13T15:39:06+00:00","og_image":[{"width":1920,"height":1080,"url":"https:\/\/www.camforpro.com\/blog\/wp-content\/uploads\/2021\/11\/bws21_banner_1920x1080_logo_v01.jpg","type":"image\/jpeg"}],"twitter_card":"summary","twitter_misc":{"Verfasst von":"Pierre","Gesch\u00e4tzte Lesezeit":"2\u00a0Minuten"},"schema":{"@context":"https:\/\/schema.org","@graph":[{"@type":"WebSite","@id":"https:\/\/www.camforpro.com\/blog\/#website","url":"https:\/\/www.camforpro.com\/blog\/","name":"camforpro Blog","description":"","potentialAction":[{"@type":"SearchAction","target":{"@type":"EntryPoint","urlTemplate":"https:\/\/www.camforpro.com\/blog\/?s={search_term_string}"},"query-input":"required name=search_term_string"}],"inLanguage":"de"},{"@type":"ImageObject","@id":"https:\/\/www.camforpro.com\/blog\/black-week-sale-2021\/#primaryimage","inLanguage":"de","url":"https:\/\/www.camforpro.com\/blog\/wp-content\/uploads\/2021\/11\/bws21_banner_1920x1080_logo_v01.jpg","contentUrl":"https:\/\/www.camforpro.com\/blog\/wp-content\/uploads\/2021\/11\/bws21_banner_1920x1080_logo_v01.jpg","width":1920,"height":1080,"caption":"camforpro Black Week Sale 2021"},{"@type":"WebPage","@id":"https:\/\/www.camforpro.com\/blog\/black-week-sale-2021\/#webpage","url":"https:\/\/www.camforpro.com\/blog\/black-week-sale-2021\/","name":"Black Week 2021 f\u00fcr Kameras, Drohnen und Zubeh\u00f6r bei camforpro.","isPartOf":{"@id":"https:\/\/www.camforpro.com\/blog\/#website"},"primaryImageOfPage":{"@id":"https:\/\/www.camforpro.com\/blog\/black-week-sale-2021\/#primaryimage"},"datePublished":"2021-11-15T15:45:00+00:00","dateModified":"2021-12-13T15:39:06+00:00","author":{"@id":"https:\/\/www.camforpro.com\/blog\/#\/schema\/person\/3e5e318c783fce5b3a1146819a1c661b"},"description":"Kameras und Equipment f\u00fcr Action und Lifestyle - das ist camforpro. Auch in 2021 starten wir unsere Black Week mit satten Rabatten und Deals","breadcrumb":{"@id":"https:\/\/www.camforpro.com\/blog\/black-week-sale-2021\/#breadcrumb"},"inLanguage":"de","potentialAction":[{"@type":"ReadAction","target":["https:\/\/www.camforpro.com\/blog\/black-week-sale-2021\/"]}]},{"@type":"BreadcrumbList","@id":"https:\/\/www.camforpro.com\/blog\/black-week-sale-2021\/#breadcrumb","itemListElement":[{"@type":"ListItem","position":1,"name":"Home","item":"https:\/\/www.camforpro.com\/blog\/"},{"@type":"ListItem","position":2,"name":"\u2026pssst! Black Week Sale is coming."}]},{"@type":"Person","@id":"https:\/\/www.camforpro.com\/blog\/#\/schema\/person\/3e5e318c783fce5b3a1146819a1c661b","name":"Pierre","image":{"@type":"ImageObject","@id":"https:\/\/www.camforpro.com\/blog\/#personlogo","inLanguage":"de","url":"https:\/\/secure.gravatar.com\/avatar\/e58178c2f883f9f5200a87e77b4d34b8?s=96&d=mm&r=g","contentUrl":"https:\/\/secure.gravatar.com\/avatar\/e58178c2f883f9f5200a87e77b4d34b8?s=96&d=mm&r=g","caption":"Pierre"},"url":"https:\/\/www.camforpro.com\/blog\/author\/pierre\/"}]}},"_links":{"self":[{"href":"https:\/\/www.camforpro.com\/blog\/wp-json\/wp\/v2\/posts\/8541"}],"collection":[{"href":"https:\/\/www.camforpro.com\/blog\/wp-json\/wp\/v2\/posts"}],"about":[{"href":"https:\/\/www.camforpro.com\/blog\/wp-json\/wp\/v2\/types\/post"}],"author":[{"embeddable":true,"href":"https:\/\/www.camforpro.com\/blog\/wp-json\/wp\/v2\/users\/7"}],"replies":[{"embeddable":true,"href":"https:\/\/www.camforpro.com\/blog\/wp-json\/wp\/v2\/comments?post=8541"}],"version-history":[{"count":7,"href":"https:\/\/www.camforpro.com\/blog\/wp-json\/wp\/v2\/posts\/8541\/revisions"}],"predecessor-version":[{"id":8557,"href":"https:\/\/www.camforpro.com\/blog\/wp-json\/wp\/v2\/posts\/8541\/revisions\/8557"}],"wp:featuredmedia":[{"embeddable":true,"href":"https:\/\/www.camforpro.com\/blog\/wp-json\/wp\/v2\/media\/8543"}],"wp:attachment":[{"href":"https:\/\/www.camforpro.com\/blog\/wp-json\/wp\/v2\/media?parent=8541"}],"wp:term":[{"taxonomy":"category","embeddable":true,"href":"https:\/\/www.camforpro.com\/blog\/wp-json\/wp\/v2\/categories?post=8541"},{"taxonomy":"post_tag","embeddable":true,"href":"https:\/\/www.camforpro.com\/blog\/wp-json\/wp\/v2\/tags?post=8541"}],"curies":[{"name":"wp","href":"https:\/\/api.w.org\/{rel}","templated":true}]}}