{"id":7957,"date":"2021-07-28T18:10:00","date_gmt":"2021-07-28T16:10:00","guid":{"rendered":"https:\/\/www.camforpro.com\/blog\/?p=7957"},"modified":"2021-07-28T18:13:43","modified_gmt":"2021-07-28T16:13:43","slug":"evoc-sportrucksacke-und-taschen-fur-vlogger","status":"publish","type":"post","link":"https:\/\/www.camforpro.com\/blog\/evoc-sportrucksacke-und-taschen-fur-vlogger\/","title":{"rendered":"Filmen mit Komfort: Praktische Fototaschen f\u00fcr Vlogger von EVOC"},"content":{"rendered":"\n<p>Ob Hobby oder echter Job: Vlogging wird immer popul\u00e4rer. Aktuell werden \u00fcber 400 Minuten neue Filminhalte pro Minute bei YouTube hochgeladen. Tendenz steigend. Zu Beginn reicht ein Smartphone, um gute Videos zu produzieren. Wer jedoch mit seinen Beitr\u00e4gen im World Wide Web dauerhaft punkten m\u00f6chte, ben\u00f6tigt eine hochwertige Kamera und gutes Equipment. Profifilmer Daniel Fl\u00fcgger (<a href=\"https:\/\/www.fluegger.tv\/\" target=\"_blank\" rel=\"noreferrer noopener\">www.fluegger.tv<\/a>) wei\u00df, dass neben einem guten Storyboard die Ausr\u00fcstung entscheidend ist. Da kommen die funktionalen und komfortablen Rucks\u00e4cke und Taschen von <a href=\"https:\/\/www.camforpro.com\/evoc\/\" target=\"_blank\" rel=\"noreferrer noopener\">EVOC<\/a> ins Spiel. Je nach Filmproduktion verstaut er sein Equipment im praktischen Fotorucksack <a href=\"https:\/\/www.camforpro.com\/evoc-cp-26l-rucksack\/\" target=\"_blank\" rel=\"noreferrer noopener\">EVOC CP 26l<\/a> oder der handlichen H\u00fcfttasche <a href=\"https:\/\/www.camforpro.com\/evoc-hip-pack-capture-7l\/\" target=\"_blank\" rel=\"noreferrer noopener\">EVOC HIP PACK 7l<\/a>. Beide bieten ihm neben intelligentem Stauraum einen hohen Tragekomfort und Schutz.<\/p>\n\n\n\n<h4>YouTuber \u2013 Traum der Smartphone-Generation<\/h4>\n\n\n\n<p>\u201eBekannt aus Film und Fernsehen\u201c war gestern \u2013 heute erreichen Vlogger ein Millionenpublikum \u00fcber ihre YouTube-Kan\u00e4le. Dort setzt man sich professionell in Szene und berichtet \u00fcber allt\u00e4gliche Dinge, Hobbies und Reisen. Neben dem visuellen Sehvergn\u00fcgen m\u00fcssen die Aufnahmen gestochen scharf sein. Ob Kompakt-, Spiegelreflex- oder Spiegellose-Kameras, Action-Cams oder Drohnen \u2013 in allen Kategorien k\u00f6nnen User mit immer mehr High-End- und Mittelklassemodellen erstklassige Fotos und atemberaubende Videos aufnehmen.<\/p>\n\n\n\n<h4>Daniel Fl\u00fcgger \u2013 junger Filmemacher mit Leib und Seele<\/h4>\n\n\n\n<p>Seit \u00fcber zehn Jahren dreht Daniel Fl\u00fcgger Imagefilme und Kinospots f\u00fcr Startups, mittelst\u00e4ndische Unternehmen und weltweit agierende Konzerne. Mit der Planung und Realisierung au\u00dfergew\u00f6hnlicher Filmprojekte setzt er immer wieder neue Ma\u00dfst\u00e4be und wurde mit diversen Preisen ausgezeichnet. Der Bremer Profi liebt es, neue Technologien zu testen und an die Grenzen des Machbaren zu gehen.<\/p>\n\n\n\n<h4>EVOC HIP PACK 7l \u2013 praktisch f\u00fcr kleines Filmequipment<\/h4>\n\n\n\n<div class=\"wp-block-image\"><figure class=\"alignright size-large is-resized\"><a href=\"https:\/\/www.camforpro.com\/blog\/wp-content\/uploads\/2021\/07\/@Daniel-Flu\u0308gger-EVOC-hip_pack_capture_Kamera-einstecken.jpg\"><img loading=\"lazy\" src=\"https:\/\/www.camforpro.com\/blog\/wp-content\/uploads\/2021\/07\/@Daniel-Flu\u0308gger-EVOC-hip_pack_capture_Kamera-einstecken-1024x683.jpg\" alt=\"EVOC Foto-H\u00fcfttasche f\u00fcr kleines Equipment\" class=\"wp-image-7971\" width=\"345\" height=\"230\" srcset=\"https:\/\/www.camforpro.com\/blog\/wp-content\/uploads\/2021\/07\/@Daniel-Flu\u0308gger-EVOC-hip_pack_capture_Kamera-einstecken-1024x683.jpg 1024w, https:\/\/www.camforpro.com\/blog\/wp-content\/uploads\/2021\/07\/@Daniel-Flu\u0308gger-EVOC-hip_pack_capture_Kamera-einstecken-300x200.jpg 300w, https:\/\/www.camforpro.com\/blog\/wp-content\/uploads\/2021\/07\/@Daniel-Flu\u0308gger-EVOC-hip_pack_capture_Kamera-einstecken-768x512.jpg 768w, https:\/\/www.camforpro.com\/blog\/wp-content\/uploads\/2021\/07\/@Daniel-Flu\u0308gger-EVOC-hip_pack_capture_Kamera-einstecken-1536x1024.jpg 1536w, https:\/\/www.camforpro.com\/blog\/wp-content\/uploads\/2021\/07\/@Daniel-Flu\u0308gger-EVOC-hip_pack_capture_Kamera-einstecken.jpg 1800w\" sizes=\"(max-width: 345px) 100vw, 345px\" \/><\/a><\/figure><\/div>\n\n\n\n<p>Nicht f\u00fcr jeden Job ben\u00f6tigt Daniel Fl\u00fcgger die gro\u00dfe Filmausr\u00fcstung. Oftmals bietet ein kleines Kamerasystem mehr kreativen Spielraum. Um flexibel agieren zu k\u00f6nnen, liebt es der sympathische Bremer, sein Filmequipment griffbereit am K\u00f6rper zu tragen. Die kompakte H\u00fcfttasche <a href=\"https:\/\/www.camforpro.com\/evoc-hip-pack-capture-7l\/\" target=\"_blank\" rel=\"noreferrer noopener\">HIP PACK 7l<\/a> aus der EVOC PHOTO Kollektion bietet ihm gen\u00fcgend Stauraum. In dem flexibel einteilbaren Kamerafach kann neben der Kamera mit Zoomobjektiv eine lichtstarke Festbrennweite und eine Audiol\u00f6sung sicher verpackt werden. Die Platzierung des Reisestativs am Taschenboden ist perfekt gew\u00e4hlt, da das Stativ zu jeder Zeit gut ausbalanciert bleibt. In der aufklappbaren Fronttasche lassen sich Speicherkarten &amp; Co. sicher und \u00fcbersichtlich verstauen. Auch die kleinen F\u00e4cher links und rechts am H\u00fcftgurt sind praktisch, um schnell einen Akkuwechsel vorzunehmen. Dank des ausgefeilten AIR FLOW CONTACT SYSTEMS sitzt die HIP PACK bequem auf den H\u00fcften, auch wenn ein Drehtag mal l\u00e4nger dauert<\/p>\n\n\n\n<h4>EVOC CP 26l \u2013 der perfekte Begleiter f\u00fcr umfangreiches Filmequipment<\/h4>\n\n\n\n<div class=\"wp-block-image\"><figure class=\"alignright size-large is-resized\"><a href=\"https:\/\/www.camforpro.com\/blog\/wp-content\/uploads\/2021\/07\/@Markus-Hagen-evoc_cp_26l_daniel_fluegger-hat-den-Rucksack-gepackt.jpg\"><img loading=\"lazy\" src=\"https:\/\/www.camforpro.com\/blog\/wp-content\/uploads\/2021\/07\/@Markus-Hagen-evoc_cp_26l_daniel_fluegger-hat-den-Rucksack-gepackt-1024x683.jpg\" alt=\"EVOC Fotorucksack 26L mit Kamera-Equipment\" class=\"wp-image-7977\" width=\"390\" height=\"260\" srcset=\"https:\/\/www.camforpro.com\/blog\/wp-content\/uploads\/2021\/07\/@Markus-Hagen-evoc_cp_26l_daniel_fluegger-hat-den-Rucksack-gepackt-1024x683.jpg 1024w, https:\/\/www.camforpro.com\/blog\/wp-content\/uploads\/2021\/07\/@Markus-Hagen-evoc_cp_26l_daniel_fluegger-hat-den-Rucksack-gepackt-300x200.jpg 300w, https:\/\/www.camforpro.com\/blog\/wp-content\/uploads\/2021\/07\/@Markus-Hagen-evoc_cp_26l_daniel_fluegger-hat-den-Rucksack-gepackt-768x512.jpg 768w, https:\/\/www.camforpro.com\/blog\/wp-content\/uploads\/2021\/07\/@Markus-Hagen-evoc_cp_26l_daniel_fluegger-hat-den-Rucksack-gepackt-1536x1024.jpg 1536w, https:\/\/www.camforpro.com\/blog\/wp-content\/uploads\/2021\/07\/@Markus-Hagen-evoc_cp_26l_daniel_fluegger-hat-den-Rucksack-gepackt.jpg 1800w\" sizes=\"(max-width: 390px) 100vw, 390px\" \/><\/a><\/figure><\/div>\n\n\n\n<p>Bei Au\u00dfenaufnahmen lebt man vom \u201eHandgep\u00e4ck\u201c und muss auf alle Eventualit\u00e4ten eingestellt sein. Der <a href=\"https:\/\/www.camforpro.com\/evoc-cp-26l-rucksack\/\" target=\"_blank\" rel=\"noreferrer noopener\">EVOC CP 26l<\/a> bietet einen gigantischen Stauraum, um neben der Kamera diverse Objektive, Filter, Akkus, Audiol\u00f6sungen, Reisestativ &amp; Co. zu transportieren. \u00dcber dem variabel konfigurierbaren Kamerafach verf\u00fcgt er sogar \u00fcber ein weiteres Fach, in dem beispielsweise eine DJI Fly More Combo inkl. Tasche f\u00fcr m\u00f6gliche Luftaufnahmen verstaut werden kann. Auch ein Fach f\u00fcr den Schnellzugriff auf das Laptop ist vorhanden, was besonders wichtig ist, da oftmals am Set die Aufnahmen \u00fcberpr\u00fcft, zus\u00e4tzlich gespeichert, teilweise sogar geschnitten und zum Kunden verschickt werden m\u00fcssen. <br><br>Filmausr\u00fcstung kann ganz sch\u00f6n schwer werden &#8211; besonders f\u00fcr Fotorucks\u00e4cke mit hoher Ladekapazit\u00e4t hat EVOC ein NEUTRALITE SYSTEM entwickelt, bei dem \u00fcber einen l\u00e4ngeren Zeitraum hinweg schweres Equipment komfortabel transportiert werden kann. Die R\u00fcckenanpassung und Lasten\u00fcbertragung erfolgen \u00fcber ein formbares Stabilisierungselement im Innenraum. Dieses \u00fcbertr\u00e4gt Gewichtseinfl\u00fcsse \u00fcber gut positionierte Polsterelemente auf einen breiten, stark gepolsterten H\u00fcftgurt. So kann das Gewicht am K\u00f6rperschwerpunkt m\u00f6glichst neutral aufgenommen werden.<br><br>Also, auf zum gro\u00dfen Fame, der YouTube Karriere, dem n\u00e4chsten kreativen Filmprojekt \u2013 mit der kreativen und praktischen Fotorucksackmarke <a href=\"https:\/\/www.camforpro.com\/evoc\/\" target=\"_blank\" rel=\"noreferrer noopener\">EVOC<\/a> setzt Du auf das optimale Gep\u00e4ck.<\/p>\n","protected":false},"excerpt":{"rendered":"<p>Ob Hobby oder echter Job: Vlogging wird immer popul\u00e4rer. Aktuell werden \u00fcber 400 Minuten neue Filminhalte pro Minute bei YouTube hochgeladen. Tendenz steigend. Zu Beginn reicht ein Smartphone, um gute Videos zu produzieren. Wer jedoch mit seinen Beitr\u00e4gen im World Wide Web dauerhaft punkten m\u00f6chte, ben\u00f6tigt eine hochwertige Kamera und gutes Equipment. Profifilmer Daniel Fl\u00fcgger [&hellip;]<\/p>\n","protected":false},"author":11,"featured_media":7963,"comment_status":"open","ping_status":"open","sticky":true,"template":"","format":"standard","meta":[],"categories":[1,2,368],"tags":[844,845,843,769,846],"yoast_head":"<!-- This site is optimized with the Yoast SEO plugin v18.4.1 - https:\/\/yoast.com\/wordpress\/plugins\/seo\/ -->\n<title>Fotorucks\u00e4cke und Taschen f\u00fcr Vlogger von EVOC<\/title>\n<meta name=\"description\" content=\"Ob kleiner, flexibler Einsatz oder das ganz gro\u00dfe Gep\u00e4ck: EVOC bietet Taschen und Rucks\u00e4cke f\u00fcr jedes Foto- und Video-Equipment.\" \/>\n<meta name=\"robots\" content=\"index, follow, max-snippet:-1, max-image-preview:large, max-video-preview:-1\" \/>\n<link rel=\"canonical\" href=\"https:\/\/www.camforpro.com\/blog\/evoc-sportrucksacke-und-taschen-fur-vlogger\/\" \/>\n<meta property=\"og:locale\" content=\"de_DE\" \/>\n<meta property=\"og:type\" content=\"article\" \/>\n<meta property=\"og:title\" content=\"Fotorucks\u00e4cke und Taschen f\u00fcr Vlogger von EVOC\" \/>\n<meta property=\"og:description\" content=\"Ob kleiner, flexibler Einsatz oder das ganz gro\u00dfe Gep\u00e4ck: EVOC bietet Taschen und Rucks\u00e4cke f\u00fcr jedes Foto- und Video-Equipment.\" \/>\n<meta property=\"og:url\" content=\"https:\/\/www.camforpro.com\/blog\/evoc-sportrucksacke-und-taschen-fur-vlogger\/\" \/>\n<meta property=\"og:site_name\" content=\"camforpro Blog\" \/>\n<meta property=\"article:publisher\" content=\"http:\/\/www.facebook.com\/camforpro\/?fref=ts\" \/>\n<meta property=\"article:published_time\" content=\"2021-07-28T16:10:00+00:00\" \/>\n<meta property=\"article:modified_time\" content=\"2021-07-28T16:13:43+00:00\" \/>\n<meta property=\"og:image\" content=\"https:\/\/www.camforpro.com\/blog\/wp-content\/uploads\/2021\/07\/@Daniel-Flu\u0308gger-EVOC-hip_pack_capture_daniel_fluegger-beim-Filmdreh.jpg\" \/>\n\t<meta property=\"og:image:width\" content=\"1800\" \/>\n\t<meta property=\"og:image:height\" content=\"1200\" \/>\n\t<meta property=\"og:image:type\" content=\"image\/jpeg\" \/>\n<meta name=\"twitter:card\" content=\"summary\" \/>\n<meta name=\"twitter:label1\" content=\"Verfasst von\" \/>\n\t<meta name=\"twitter:data1\" content=\"Marcel\" \/>\n\t<meta name=\"twitter:label2\" content=\"Gesch\u00e4tzte Lesezeit\" \/>\n\t<meta name=\"twitter:data2\" content=\"3\u00a0Minuten\" \/>\n<script type=\"application\/ld+json\" class=\"yoast-schema-graph\">{\"@context\":\"https:\/\/schema.org\",\"@graph\":[{\"@type\":\"WebSite\",\"@id\":\"https:\/\/www.camforpro.com\/blog\/#website\",\"url\":\"https:\/\/www.camforpro.com\/blog\/\",\"name\":\"camforpro Blog\",\"description\":\"\",\"potentialAction\":[{\"@type\":\"SearchAction\",\"target\":{\"@type\":\"EntryPoint\",\"urlTemplate\":\"https:\/\/www.camforpro.com\/blog\/?s={search_term_string}\"},\"query-input\":\"required name=search_term_string\"}],\"inLanguage\":\"de\"},{\"@type\":\"ImageObject\",\"@id\":\"https:\/\/www.camforpro.com\/blog\/evoc-sportrucksacke-und-taschen-fur-vlogger\/#primaryimage\",\"inLanguage\":\"de\",\"url\":\"https:\/\/www.camforpro.com\/blog\/wp-content\/uploads\/2021\/07\/@Daniel-Flu\u0308gger-EVOC-hip_pack_capture_daniel_fluegger-beim-Filmdreh.jpg\",\"contentUrl\":\"https:\/\/www.camforpro.com\/blog\/wp-content\/uploads\/2021\/07\/@Daniel-Flu\u0308gger-EVOC-hip_pack_capture_daniel_fluegger-beim-Filmdreh.jpg\",\"width\":1800,\"height\":1200,\"caption\":\"Vlogger mit EVOC Foto-Hipbag\"},{\"@type\":\"WebPage\",\"@id\":\"https:\/\/www.camforpro.com\/blog\/evoc-sportrucksacke-und-taschen-fur-vlogger\/#webpage\",\"url\":\"https:\/\/www.camforpro.com\/blog\/evoc-sportrucksacke-und-taschen-fur-vlogger\/\",\"name\":\"Fotorucks\u00e4cke und Taschen f\u00fcr Vlogger von EVOC\",\"isPartOf\":{\"@id\":\"https:\/\/www.camforpro.com\/blog\/#website\"},\"primaryImageOfPage\":{\"@id\":\"https:\/\/www.camforpro.com\/blog\/evoc-sportrucksacke-und-taschen-fur-vlogger\/#primaryimage\"},\"datePublished\":\"2021-07-28T16:10:00+00:00\",\"dateModified\":\"2021-07-28T16:13:43+00:00\",\"author\":{\"@id\":\"https:\/\/www.camforpro.com\/blog\/#\/schema\/person\/8f6f95ab5f816c171127d78c89f89587\"},\"description\":\"Ob kleiner, flexibler Einsatz oder das ganz gro\u00dfe Gep\u00e4ck: EVOC bietet Taschen und Rucks\u00e4cke f\u00fcr jedes Foto- und Video-Equipment.\",\"breadcrumb\":{\"@id\":\"https:\/\/www.camforpro.com\/blog\/evoc-sportrucksacke-und-taschen-fur-vlogger\/#breadcrumb\"},\"inLanguage\":\"de\",\"potentialAction\":[{\"@type\":\"ReadAction\",\"target\":[\"https:\/\/www.camforpro.com\/blog\/evoc-sportrucksacke-und-taschen-fur-vlogger\/\"]}]},{\"@type\":\"BreadcrumbList\",\"@id\":\"https:\/\/www.camforpro.com\/blog\/evoc-sportrucksacke-und-taschen-fur-vlogger\/#breadcrumb\",\"itemListElement\":[{\"@type\":\"ListItem\",\"position\":1,\"name\":\"Home\",\"item\":\"https:\/\/www.camforpro.com\/blog\/\"},{\"@type\":\"ListItem\",\"position\":2,\"name\":\"Filmen mit Komfort: Praktische Fototaschen f\u00fcr Vlogger von EVOC\"}]},{\"@type\":\"Person\",\"@id\":\"https:\/\/www.camforpro.com\/blog\/#\/schema\/person\/8f6f95ab5f816c171127d78c89f89587\",\"name\":\"Marcel\",\"image\":{\"@type\":\"ImageObject\",\"@id\":\"https:\/\/www.camforpro.com\/blog\/#personlogo\",\"inLanguage\":\"de\",\"url\":\"https:\/\/secure.gravatar.com\/avatar\/5234c906af83c3524ddf2ac3d2f556e4?s=96&d=mm&r=g\",\"contentUrl\":\"https:\/\/secure.gravatar.com\/avatar\/5234c906af83c3524ddf2ac3d2f556e4?s=96&d=mm&r=g\",\"caption\":\"Marcel\"},\"url\":\"https:\/\/www.camforpro.com\/blog\/author\/marcel\/\"}]}<\/script>\n<!-- \/ Yoast SEO plugin. -->","yoast_head_json":{"title":"Fotorucks\u00e4cke und Taschen f\u00fcr Vlogger von EVOC","description":"Ob kleiner, flexibler Einsatz oder das ganz gro\u00dfe Gep\u00e4ck: EVOC bietet Taschen und Rucks\u00e4cke f\u00fcr jedes Foto- und Video-Equipment.","robots":{"index":"index","follow":"follow","max-snippet":"max-snippet:-1","max-image-preview":"max-image-preview:large","max-video-preview":"max-video-preview:-1"},"canonical":"https:\/\/www.camforpro.com\/blog\/evoc-sportrucksacke-und-taschen-fur-vlogger\/","og_locale":"de_DE","og_type":"article","og_title":"Fotorucks\u00e4cke und Taschen f\u00fcr Vlogger von EVOC","og_description":"Ob kleiner, flexibler Einsatz oder das ganz gro\u00dfe Gep\u00e4ck: EVOC bietet Taschen und Rucks\u00e4cke f\u00fcr jedes Foto- und Video-Equipment.","og_url":"https:\/\/www.camforpro.com\/blog\/evoc-sportrucksacke-und-taschen-fur-vlogger\/","og_site_name":"camforpro Blog","article_publisher":"http:\/\/www.facebook.com\/camforpro\/?fref=ts","article_published_time":"2021-07-28T16:10:00+00:00","article_modified_time":"2021-07-28T16:13:43+00:00","og_image":[{"width":1800,"height":1200,"url":"https:\/\/www.camforpro.com\/blog\/wp-content\/uploads\/2021\/07\/@Daniel-Flu\u0308gger-EVOC-hip_pack_capture_daniel_fluegger-beim-Filmdreh.jpg","type":"image\/jpeg"}],"twitter_card":"summary","twitter_misc":{"Verfasst von":"Marcel","Gesch\u00e4tzte Lesezeit":"3\u00a0Minuten"},"schema":{"@context":"https:\/\/schema.org","@graph":[{"@type":"WebSite","@id":"https:\/\/www.camforpro.com\/blog\/#website","url":"https:\/\/www.camforpro.com\/blog\/","name":"camforpro Blog","description":"","potentialAction":[{"@type":"SearchAction","target":{"@type":"EntryPoint","urlTemplate":"https:\/\/www.camforpro.com\/blog\/?s={search_term_string}"},"query-input":"required name=search_term_string"}],"inLanguage":"de"},{"@type":"ImageObject","@id":"https:\/\/www.camforpro.com\/blog\/evoc-sportrucksacke-und-taschen-fur-vlogger\/#primaryimage","inLanguage":"de","url":"https:\/\/www.camforpro.com\/blog\/wp-content\/uploads\/2021\/07\/@Daniel-Flu\u0308gger-EVOC-hip_pack_capture_daniel_fluegger-beim-Filmdreh.jpg","contentUrl":"https:\/\/www.camforpro.com\/blog\/wp-content\/uploads\/2021\/07\/@Daniel-Flu\u0308gger-EVOC-hip_pack_capture_daniel_fluegger-beim-Filmdreh.jpg","width":1800,"height":1200,"caption":"Vlogger mit EVOC Foto-Hipbag"},{"@type":"WebPage","@id":"https:\/\/www.camforpro.com\/blog\/evoc-sportrucksacke-und-taschen-fur-vlogger\/#webpage","url":"https:\/\/www.camforpro.com\/blog\/evoc-sportrucksacke-und-taschen-fur-vlogger\/","name":"Fotorucks\u00e4cke und Taschen f\u00fcr Vlogger von EVOC","isPartOf":{"@id":"https:\/\/www.camforpro.com\/blog\/#website"},"primaryImageOfPage":{"@id":"https:\/\/www.camforpro.com\/blog\/evoc-sportrucksacke-und-taschen-fur-vlogger\/#primaryimage"},"datePublished":"2021-07-28T16:10:00+00:00","dateModified":"2021-07-28T16:13:43+00:00","author":{"@id":"https:\/\/www.camforpro.com\/blog\/#\/schema\/person\/8f6f95ab5f816c171127d78c89f89587"},"description":"Ob kleiner, flexibler Einsatz oder das ganz gro\u00dfe Gep\u00e4ck: EVOC bietet Taschen und Rucks\u00e4cke f\u00fcr jedes Foto- und Video-Equipment.","breadcrumb":{"@id":"https:\/\/www.camforpro.com\/blog\/evoc-sportrucksacke-und-taschen-fur-vlogger\/#breadcrumb"},"inLanguage":"de","potentialAction":[{"@type":"ReadAction","target":["https:\/\/www.camforpro.com\/blog\/evoc-sportrucksacke-und-taschen-fur-vlogger\/"]}]},{"@type":"BreadcrumbList","@id":"https:\/\/www.camforpro.com\/blog\/evoc-sportrucksacke-und-taschen-fur-vlogger\/#breadcrumb","itemListElement":[{"@type":"ListItem","position":1,"name":"Home","item":"https:\/\/www.camforpro.com\/blog\/"},{"@type":"ListItem","position":2,"name":"Filmen mit Komfort: Praktische Fototaschen f\u00fcr Vlogger von EVOC"}]},{"@type":"Person","@id":"https:\/\/www.camforpro.com\/blog\/#\/schema\/person\/8f6f95ab5f816c171127d78c89f89587","name":"Marcel","image":{"@type":"ImageObject","@id":"https:\/\/www.camforpro.com\/blog\/#personlogo","inLanguage":"de","url":"https:\/\/secure.gravatar.com\/avatar\/5234c906af83c3524ddf2ac3d2f556e4?s=96&d=mm&r=g","contentUrl":"https:\/\/secure.gravatar.com\/avatar\/5234c906af83c3524ddf2ac3d2f556e4?s=96&d=mm&r=g","caption":"Marcel"},"url":"https:\/\/www.camforpro.com\/blog\/author\/marcel\/"}]}},"_links":{"self":[{"href":"https:\/\/www.camforpro.com\/blog\/wp-json\/wp\/v2\/posts\/7957"}],"collection":[{"href":"https:\/\/www.camforpro.com\/blog\/wp-json\/wp\/v2\/posts"}],"about":[{"href":"https:\/\/www.camforpro.com\/blog\/wp-json\/wp\/v2\/types\/post"}],"author":[{"embeddable":true,"href":"https:\/\/www.camforpro.com\/blog\/wp-json\/wp\/v2\/users\/11"}],"replies":[{"embeddable":true,"href":"https:\/\/www.camforpro.com\/blog\/wp-json\/wp\/v2\/comments?post=7957"}],"version-history":[{"count":27,"href":"https:\/\/www.camforpro.com\/blog\/wp-json\/wp\/v2\/posts\/7957\/revisions"}],"predecessor-version":[{"id":8007,"href":"https:\/\/www.camforpro.com\/blog\/wp-json\/wp\/v2\/posts\/7957\/revisions\/8007"}],"wp:featuredmedia":[{"embeddable":true,"href":"https:\/\/www.camforpro.com\/blog\/wp-json\/wp\/v2\/media\/7963"}],"wp:attachment":[{"href":"https:\/\/www.camforpro.com\/blog\/wp-json\/wp\/v2\/media?parent=7957"}],"wp:term":[{"taxonomy":"category","embeddable":true,"href":"https:\/\/www.camforpro.com\/blog\/wp-json\/wp\/v2\/categories?post=7957"},{"taxonomy":"post_tag","embeddable":true,"href":"https:\/\/www.camforpro.com\/blog\/wp-json\/wp\/v2\/tags?post=7957"}],"curies":[{"name":"wp","href":"https:\/\/api.w.org\/{rel}","templated":true}]}}