{"id":7181,"date":"2020-06-18T15:20:57","date_gmt":"2020-06-18T13:20:57","guid":{"rendered":"https:\/\/www.camforpro.com\/blog\/?p=7181"},"modified":"2021-02-02T11:41:44","modified_gmt":"2021-02-02T09:41:44","slug":"bester-fotorucksack","status":"publish","type":"post","link":"https:\/\/www.camforpro.com\/blog\/bester-fotorucksack\/","title":{"rendered":"Best of bags extended: Welcher Fotorucksack passt zu welchem Equipment?"},"content":{"rendered":"<p>Hochwertige Verarbeitung und Strapazierf\u00e4higkeit sind die Basis f\u00fcr einen richtig guten Fotorucksack. Viel Stauraum, Tragekomfort und zuverl\u00e4ssiger Schutz f\u00fcr das Equipment machen die Sache komplett. So wird der Fotorucksack zum unverzichtbaren Begleiter in der Reise-, Sport- oder Street-Fotografie. <a href=\"https:\/\/www.camforpro.com\/search?sSearch=evoc\" target=\"_blank\" rel=\"noopener\">EVOC\u00a0<\/a> bietet f\u00fcr jeden Bedarf die optimale Transportl\u00f6sung. Doch welcher Rucksack\u00a0 ist der Richtige? Welche Fototasche die Beste? Wir stellen euch hier <strong>DREI <\/strong>der <strong>EVOC <\/strong>Topseller genauer vor.<\/p>\n<p><img loading=\"lazy\" class=\"wp-image-7222 aligncenter\" src=\"https:\/\/www.camforpro.com\/blog\/wp-content\/uploads\/2020\/06\/Text-Evoc-Fotorucks\u00e4cke-600x150.jpg\" alt=\"EVOC Fotorucks\u00e4cke f\u00fcr Hobbyfilmer und Profi-Fotografen\" width=\"524\" height=\"131\" \/><\/p>\n<p>Grunds\u00e4tzlich gibt es nat\u00fcrlich eine Vielzahl an Modellen. F\u00fcr manche muss es schnell gehen und die Tasche sollte bestenfalls am K\u00f6rper bleiben. Andere haben nicht nur eine Menge professionelles Equipment dabei, sondern m\u00fcssen auch lange auf den perfekten Moment warten. Die einen betreiben das Fotografieren oder Filmen als anspruchsvolles Hobby, bei den anderen ist es der Beruf. Ganz klar, die Wahl des Fotorucksacks oder der -Tasche geht also immer mit <strong>Anspruch<\/strong> und <strong>Vorhaben<\/strong> einher. Generell w\u00e4chst die Anforderung mit der Gr\u00f6\u00dfe und Qualit\u00e4t der Fotoausr\u00fcstung. Schnell sind zwei bis drei Objektive, diverse GoPro Kameras, ein Laptop, zus\u00e4tzliche Speicherkarten und Akkus oder auch eine Drohne beim Shooting dabei.<\/p>\n<h4>Das unkomplizierte Fliegengewicht<img loading=\"lazy\" class=\"wp-image-7147 alignright\" src=\"https:\/\/www.camforpro.com\/blog\/wp-content\/uploads\/2020\/05\/evoc-hip-pack-capture-7l-heather-carbon-grey_36943_8479384_600x600.jpg\" alt=\"EVOC Hip Pack Capture 7L\" width=\"222\" height=\"222\" srcset=\"https:\/\/www.camforpro.com\/blog\/wp-content\/uploads\/2020\/05\/evoc-hip-pack-capture-7l-heather-carbon-grey_36943_8479384_600x600.jpg 600w, https:\/\/www.camforpro.com\/blog\/wp-content\/uploads\/2020\/05\/evoc-hip-pack-capture-7l-heather-carbon-grey_36943_8479384_600x600-300x300.jpg 300w, https:\/\/www.camforpro.com\/blog\/wp-content\/uploads\/2020\/05\/evoc-hip-pack-capture-7l-heather-carbon-grey_36943_8479384_600x600-480x480.jpg 480w\" sizes=\"(max-width: 222px) 100vw, 222px\" \/><\/h4>\n<p>Das <a href=\"https:\/\/www.camforpro.com\/evoc-hip-pack-capture-7l\/\" target=\"_blank\" rel=\"noopener\">EVOC Hip Pack Capture 7L<\/a> ist eine <strong>komfortable<\/strong> L\u00f6sung, wenn keine gro\u00dfe Fotoausr\u00fcstung ben\u00f6tigt wird. Der Vorteil einer H\u00fcfttasche ist nat\u00fcrlich, dass das Equipment durchgehend am K\u00f6rper getragen werden kann. Das gerade einmal <strong>610 Gramm<\/strong> schwere Hip Pack bietet gen\u00fcgend Platz f\u00fcr eine Systemkamera mit drei Festbrennweiten oder auch &#8211; besonders praktisch! &#8211; eine <a href=\"https:\/\/www.camforpro.com\/dji-mavic-2-pro\/\" target=\"_blank\" rel=\"noopener\">DJI Mavic-Drohne<\/a>. Wir haben euch die von <a href=\"https:\/\/www.pictures-magazin.de\/\" target=\"_blank\" rel=\"noopener\">Pictures \u2013 Das Fotomagazin<\/a> mit \u201eSehr gut\u201c getestete Tasche auch bereits <a href=\"https:\/\/www.camforpro.com\/blog\/evoc-hip-pack-ist-testsieger\/\" target=\"_blank\" rel=\"noopener\">hier<\/a> im Blog ausf\u00fchrlich dargestellt. Das Kamerafach ist variabel mit gepolsterten Trennelementen <strong>konfigurierbar<\/strong> und kann dank eines robusten Rei\u00dfverschlusses komplett von oben ge\u00f6ffnet werden. Im aufgesetzten <strong>Schnellzugriff-Fach<\/strong> finden Speicherkarten, Kabel und Co. Platz. Das kompakte Raumwunder l\u00e4sst sich durch das <strong>Airflow Contact System<\/strong> \u00e4u\u00dferst bequem auch \u00fcber Stunden am K\u00f6rper tragen.<\/p>\n<h4>Das sportliche Mittelgewicht <img loading=\"lazy\" class=\"wp-image-7192 alignright\" src=\"https:\/\/www.camforpro.com\/blog\/wp-content\/uploads\/2020\/06\/evoc-stage-capture-16l_08550_3883109_600x600.jpg\" alt=\"Der EVOC Stage Capture 16L ist ein sportlicher Fotorucksack mit vielen praktischen Features\" width=\"238\" height=\"238\" srcset=\"https:\/\/www.camforpro.com\/blog\/wp-content\/uploads\/2020\/06\/evoc-stage-capture-16l_08550_3883109_600x600.jpg 600w, https:\/\/www.camforpro.com\/blog\/wp-content\/uploads\/2020\/06\/evoc-stage-capture-16l_08550_3883109_600x600-300x300.jpg 300w, https:\/\/www.camforpro.com\/blog\/wp-content\/uploads\/2020\/06\/evoc-stage-capture-16l_08550_3883109_600x600-480x480.jpg 480w\" sizes=\"(max-width: 238px) 100vw, 238px\" \/><\/h4>\n<p>Der clever konzipierte <a href=\"https:\/\/www.camforpro.com\/evoc-stage-capture-16l\/\" target=\"_blank\" rel=\"noopener\">EVOC Stage Capture 16L<\/a> ist eine gute Wahl f\u00fcr ambitionierte Fotografen, die einen <strong>stabilen<\/strong> und dennoch <strong>leichten<\/strong> Begleiter bevorzugen. Geeignet sowohl f\u00fcr Wanderungen als auch auf Mountainbike-Touren. Perfekter Sitz, maximale Bel\u00fcftung, ausreichend Stauraum und nat\u00fcrlich optimaler Schutz f\u00fcr Dein Equipment sind die entscheidenden Merkmale des <strong>praktischen Multitalents<\/strong>. Der <strong>nur 1100g schwere<\/strong> Fotorucksack verf\u00fcgt \u00fcber ein komplett aufklappbares und mit gepolsterten Trennelementen konfigurierbares Kamerafach. Es bietet Platz f\u00fcr eine System bzw. DSLR-Kamera, zwei bis drei Objektive und einen Akku. Zus\u00e4tzliche F\u00e4cher sorgen f\u00fcr die sichere Unterbringung von Laptop, 3-Liter-Trinkblase und pers\u00f6nlichen Gegenst\u00e4nden. Das <strong>Brace Link System<\/strong> garantiert eine optimale Anpassung der <strong>ergonomischen<\/strong> Rucksacktr\u00e4ger an die Schulterbreite des Tr\u00e4gers und unterst\u00fctzt die Lastenverteilung auf den K\u00f6rperschwerpunkt. Das <strong>Airflow Contact System<\/strong> sorgt f\u00fcr optimale Bel\u00fcftung am R\u00fccken.<\/p>\n<h4>Der ultimative Champion<img loading=\"lazy\" class=\"wp-image-7194 alignright\" src=\"https:\/\/www.camforpro.com\/blog\/wp-content\/uploads\/2020\/06\/evoc-cp-26l-rucksack-black_36939_1011284.jpg\" alt=\"Der EVOC CP 26L ist der anspruchsvolle Fotorucksack f\u00fcr Profis\" width=\"295\" height=\"295\" srcset=\"https:\/\/www.camforpro.com\/blog\/wp-content\/uploads\/2020\/06\/evoc-cp-26l-rucksack-black_36939_1011284.jpg 1000w, https:\/\/www.camforpro.com\/blog\/wp-content\/uploads\/2020\/06\/evoc-cp-26l-rucksack-black_36939_1011284-300x300.jpg 300w, https:\/\/www.camforpro.com\/blog\/wp-content\/uploads\/2020\/06\/evoc-cp-26l-rucksack-black_36939_1011284-768x768.jpg 768w, https:\/\/www.camforpro.com\/blog\/wp-content\/uploads\/2020\/06\/evoc-cp-26l-rucksack-black_36939_1011284-480x480.jpg 480w\" sizes=\"(max-width: 295px) 100vw, 295px\" \/><\/h4>\n<p>Der <a href=\"https:\/\/www.camforpro.com\/evoc-cp-26l\/\" target=\"_blank\" rel=\"noopener\">EVOC CP 26L<\/a> ist die perfekte Fotorucksack-L\u00f6sung f\u00fcr <strong>anspruchsvolle<\/strong> Outdoor- und Sportfotografen. Selbst bei sportlichen Eins\u00e4tzen ist hochwertiges Equipment in diesem Raumwunder <strong>sicher<\/strong> verstaut. Das speziell f\u00fcr Fotorucks\u00e4cke mit hoher Ladekapazit\u00e4t entwickelte <strong>Neutralite System<\/strong> sorgt daf\u00fcr, das schweres Equipment <strong>bewegungsneutral<\/strong> und <strong>komfortabel<\/strong> \u00fcber lange Strecken transportiert werden kann. Die Lasten\u00fcbertragung erfolgt \u00fcber ein formbares <strong>Stabilisierungselement<\/strong> im Innenraum, welches alle Gewichtseinfl\u00fcsse \u00fcber <strong>strategisch<\/strong> gesetzte Polsterelemente auf einen komfortablen und breiten H\u00fcftgurt \u00fcbertr\u00e4gt. Ein <strong>verst\u00e4rkter<\/strong> Boden mit Gummif\u00fc\u00dfen sowie ein solider Tragegriff vereinfachen die Handhabung.<\/p>\n<p>Das Platzangebot des CP 26L begeistert: Der Rucksack bietet gen\u00fcgend <strong>Stauraum<\/strong>, um neben der Kamera diverse Objektive, Filter, Akkus, Audiol\u00f6sungen, Reisestativ &amp; Co. zu transportieren. Das Backpack ist damit bestens f\u00fcr all diejenigen geeignet, die auf alle Eventualit\u00e4ten eingestellt sein m\u00fcssen oder wollen. \u00dcber dem <strong>variabel konfigurierbaren<\/strong> Kamerafach verf\u00fcgt der EVOC CP 26L sogar \u00fcber ein weiteres Fach, in dem eine Drohne, beispielsweise eine <a href=\"https:\/\/www.camforpro.com\/dji-mavic-air-2-fly-more-combo\/\" target=\"_blank\" rel=\"noopener\">DJI Fly More Combo<\/a>, f\u00fcr m\u00f6gliche Luftaufnahmen verstaut werden kann. Auch ein Fach f\u00fcr den <strong>Schnellzugriff<\/strong> auf den Laptop ist vorhanden. Besonders praktisch f\u00fcr diejenigen, die bereits am Set Aufnahmen pr\u00fcfen oder weiterverarbeiten m\u00fcssen.<\/p>\n<p>Der deutsche Filmemacher und Kameramann <strong>Daniel Fl\u00fcgger<\/strong> (<a href=\"https:\/\/www.fluegger.tv\/#\" target=\"_blank\" rel=\"noopener\">www.fluegger.tv<\/a>) produziert seit \u00fcber 10 Jahren Kurz-, Image und Werbefilme und arbeitet derzeit an einem Spielfilm. EVOC konnte den Profi vor kurzem f\u00fcr einen Praxistest des CP 26L gewinnen. \u201eDas schlichte, <strong>gradlinige<\/strong> Design des <a href=\"https:\/\/www.camforpro.com\/evoc-cp-26l\/\" target=\"_blank\" rel=\"noopener\">EVOC CP 26L<\/a> gef\u00e4llt mir pers\u00f6nlich sehr. Dar\u00fcber hinaus merkt man bei der Verarbeitung, dass <strong>Profis<\/strong> am Werk waren. Die Rei\u00dfverschl\u00fcsse laufen sauber, der Zugriff auf das Equipment erfolgt von der R\u00fcckseite und der Tragekomfort ist genial. Trotz voller Beladung wird das Gewicht \u00fcber den Oberk\u00f6rper perfekt verteilt \u2013 so machen l\u00e4ngere Touren richtig Spa\u00df\u201c, so Daniel Fl\u00fcggers Urteil.<\/p>\n<p>Also, f\u00fcr welchen Begleiter aus der <a href=\"https:\/\/www.camforpro.com\/search?sSearch=evoc\" target=\"_blank\" rel=\"noopener\">umfassenden EVOC Kollektion<\/a> Du Dich auch entscheidest: Die Marke \u00fcberzeugt mit Liebe zum Detail und Kompromisslosigkeit bei Design, Qualit\u00e4t und Funktionalit\u00e4t. Das hat EVOC zu einem der f\u00fchrenden Hersteller f\u00fcr Sportrucks\u00e4cke mit Schutzfunktion gemacht. Ob Fotorucksack, H\u00fcfttasche oder Rollkoffer \u2013 jede Fototasche ist auf ultimative Mobilit\u00e4t und Komfort ausgelegt und wird damit zum Best Buddy f\u00fcr Dein Equipment.<\/p>\n<p><img loading=\"lazy\" class=\"alignleft wp-image-7230\" src=\"https:\/\/www.camforpro.com\/blog\/wp-content\/uploads\/2020\/06\/Foto-evoc-cp-26l-rucksack_08551_3907857.jpg\" alt=\"EVOC CP 26L ist der anspruchsvolle Fotorucksack f\u00fcr Profis\" width=\"341\" height=\"341\" srcset=\"https:\/\/www.camforpro.com\/blog\/wp-content\/uploads\/2020\/06\/Foto-evoc-cp-26l-rucksack_08551_3907857.jpg 1000w, https:\/\/www.camforpro.com\/blog\/wp-content\/uploads\/2020\/06\/Foto-evoc-cp-26l-rucksack_08551_3907857-300x300.jpg 300w, https:\/\/www.camforpro.com\/blog\/wp-content\/uploads\/2020\/06\/Foto-evoc-cp-26l-rucksack_08551_3907857-768x768.jpg 768w, https:\/\/www.camforpro.com\/blog\/wp-content\/uploads\/2020\/06\/Foto-evoc-cp-26l-rucksack_08551_3907857-480x480.jpg 480w\" sizes=\"(max-width: 341px) 100vw, 341px\" \/><\/p>\n<p><img loading=\"lazy\" class=\"alignleft wp-image-7232\" src=\"https:\/\/www.camforpro.com\/blog\/wp-content\/uploads\/2020\/06\/Zubeh\u00f6r.jpg\" alt=\"Der EVOC CP 26L Fotorucksack bietet unendlich viel Stauraum\" width=\"341\" height=\"341\" srcset=\"https:\/\/www.camforpro.com\/blog\/wp-content\/uploads\/2020\/06\/Zubeh\u00f6r.jpg 1000w, https:\/\/www.camforpro.com\/blog\/wp-content\/uploads\/2020\/06\/Zubeh\u00f6r-300x300.jpg 300w, https:\/\/www.camforpro.com\/blog\/wp-content\/uploads\/2020\/06\/Zubeh\u00f6r-768x768.jpg 768w, https:\/\/www.camforpro.com\/blog\/wp-content\/uploads\/2020\/06\/Zubeh\u00f6r-480x480.jpg 480w\" sizes=\"(max-width: 341px) 100vw, 341px\" \/><\/p>\n","protected":false},"excerpt":{"rendered":"<p>Hochwertige Verarbeitung und Strapazierf\u00e4higkeit sind die Basis f\u00fcr einen richtig guten Fotorucksack. Viel Stauraum, Tragekomfort und zuverl\u00e4ssiger Schutz f\u00fcr das Equipment machen die Sache komplett. So wird der Fotorucksack zum unverzichtbaren Begleiter in der Reise-, Sport- oder Street-Fotografie. EVOC\u00a0 bietet f\u00fcr jeden Bedarf die optimale Transportl\u00f6sung. Doch welcher Rucksack\u00a0 ist der Richtige? Welche Fototasche die [&hellip;]<\/p>\n","protected":false},"author":18,"featured_media":7185,"comment_status":"open","ping_status":"open","sticky":false,"template":"","format":"standard","meta":[],"categories":[1,2],"tags":[783,782,781,780,769,813],"yoast_head":"<!-- This site is optimized with the Yoast SEO plugin v18.4.1 - https:\/\/yoast.com\/wordpress\/plugins\/seo\/ -->\n<title>Welcher Fotorucksack ist der Beste? Wir stellen die EVOC Familie vor<\/title>\n<meta name=\"description\" content=\"Fotorucks\u00e4cke gibt es viele, doch welcher ist der Richtige f\u00fcr Dich? Wir stellen drei Modelle f\u00fcr Einsteiger und Profis vor.\" \/>\n<meta name=\"robots\" content=\"index, follow, max-snippet:-1, max-image-preview:large, max-video-preview:-1\" \/>\n<link rel=\"canonical\" href=\"https:\/\/www.camforpro.com\/blog\/bester-fotorucksack\/\" \/>\n<meta property=\"og:locale\" content=\"de_DE\" \/>\n<meta property=\"og:type\" content=\"article\" \/>\n<meta property=\"og:title\" content=\"Welcher Fotorucksack ist der Beste? Wir stellen die EVOC Familie vor\" \/>\n<meta property=\"og:description\" content=\"Fotorucks\u00e4cke gibt es viele, doch welcher ist der Richtige f\u00fcr Dich? Wir stellen drei Modelle f\u00fcr Einsteiger und Profis vor.\" \/>\n<meta property=\"og:url\" content=\"https:\/\/www.camforpro.com\/blog\/bester-fotorucksack\/\" \/>\n<meta property=\"og:site_name\" content=\"camforpro Blog\" \/>\n<meta property=\"article:publisher\" content=\"http:\/\/www.facebook.com\/camforpro\/?fref=ts\" \/>\n<meta property=\"article:published_time\" content=\"2020-06-18T13:20:57+00:00\" \/>\n<meta property=\"article:modified_time\" content=\"2021-02-02T09:41:44+00:00\" \/>\n<meta property=\"og:image\" content=\"https:\/\/www.camforpro.com\/blog\/wp-content\/uploads\/2020\/06\/Teaser-Evoc-Fotorucks\u00e4cke.jpg\" \/>\n\t<meta property=\"og:image:width\" content=\"1390\" \/>\n\t<meta property=\"og:image:height\" content=\"590\" \/>\n\t<meta property=\"og:image:type\" content=\"image\/jpeg\" \/>\n<meta name=\"twitter:card\" content=\"summary\" \/>\n<meta name=\"twitter:label1\" content=\"Verfasst von\" \/>\n\t<meta name=\"twitter:data1\" content=\"Matze\" \/>\n\t<meta name=\"twitter:label2\" content=\"Gesch\u00e4tzte Lesezeit\" \/>\n\t<meta name=\"twitter:data2\" content=\"4\u00a0Minuten\" \/>\n<script type=\"application\/ld+json\" class=\"yoast-schema-graph\">{\"@context\":\"https:\/\/schema.org\",\"@graph\":[{\"@type\":\"WebSite\",\"@id\":\"https:\/\/www.camforpro.com\/blog\/#website\",\"url\":\"https:\/\/www.camforpro.com\/blog\/\",\"name\":\"camforpro Blog\",\"description\":\"\",\"potentialAction\":[{\"@type\":\"SearchAction\",\"target\":{\"@type\":\"EntryPoint\",\"urlTemplate\":\"https:\/\/www.camforpro.com\/blog\/?s={search_term_string}\"},\"query-input\":\"required name=search_term_string\"}],\"inLanguage\":\"de\"},{\"@type\":\"ImageObject\",\"@id\":\"https:\/\/www.camforpro.com\/blog\/bester-fotorucksack\/#primaryimage\",\"inLanguage\":\"de\",\"url\":\"https:\/\/www.camforpro.com\/blog\/wp-content\/uploads\/2020\/06\/Teaser-Evoc-Fotorucks\u00e4cke.jpg\",\"contentUrl\":\"https:\/\/www.camforpro.com\/blog\/wp-content\/uploads\/2020\/06\/Teaser-Evoc-Fotorucks\u00e4cke.jpg\",\"width\":1390,\"height\":590,\"caption\":\"EVOC Fotorucks\u00e4cke sind funktional und qualitativ hochwertig verarbeitet\"},{\"@type\":\"WebPage\",\"@id\":\"https:\/\/www.camforpro.com\/blog\/bester-fotorucksack\/#webpage\",\"url\":\"https:\/\/www.camforpro.com\/blog\/bester-fotorucksack\/\",\"name\":\"Welcher Fotorucksack ist der Beste? Wir stellen die EVOC Familie vor\",\"isPartOf\":{\"@id\":\"https:\/\/www.camforpro.com\/blog\/#website\"},\"primaryImageOfPage\":{\"@id\":\"https:\/\/www.camforpro.com\/blog\/bester-fotorucksack\/#primaryimage\"},\"datePublished\":\"2020-06-18T13:20:57+00:00\",\"dateModified\":\"2021-02-02T09:41:44+00:00\",\"author\":{\"@id\":\"https:\/\/www.camforpro.com\/blog\/#\/schema\/person\/c6114b449bd4685b3f0caa29810fc32f\"},\"description\":\"Fotorucks\u00e4cke gibt es viele, doch welcher ist der Richtige f\u00fcr Dich? Wir stellen drei Modelle f\u00fcr Einsteiger und Profis vor.\",\"breadcrumb\":{\"@id\":\"https:\/\/www.camforpro.com\/blog\/bester-fotorucksack\/#breadcrumb\"},\"inLanguage\":\"de\",\"potentialAction\":[{\"@type\":\"ReadAction\",\"target\":[\"https:\/\/www.camforpro.com\/blog\/bester-fotorucksack\/\"]}]},{\"@type\":\"BreadcrumbList\",\"@id\":\"https:\/\/www.camforpro.com\/blog\/bester-fotorucksack\/#breadcrumb\",\"itemListElement\":[{\"@type\":\"ListItem\",\"position\":1,\"name\":\"Home\",\"item\":\"https:\/\/www.camforpro.com\/blog\/\"},{\"@type\":\"ListItem\",\"position\":2,\"name\":\"Best of bags extended: Welcher Fotorucksack passt zu welchem Equipment?\"}]},{\"@type\":\"Person\",\"@id\":\"https:\/\/www.camforpro.com\/blog\/#\/schema\/person\/c6114b449bd4685b3f0caa29810fc32f\",\"name\":\"Matze\",\"image\":{\"@type\":\"ImageObject\",\"@id\":\"https:\/\/www.camforpro.com\/blog\/#personlogo\",\"inLanguage\":\"de\",\"url\":\"https:\/\/secure.gravatar.com\/avatar\/c587b3e12ea3830be1e2570ae27e2c16?s=96&d=mm&r=g\",\"contentUrl\":\"https:\/\/secure.gravatar.com\/avatar\/c587b3e12ea3830be1e2570ae27e2c16?s=96&d=mm&r=g\",\"caption\":\"Matze\"},\"url\":\"https:\/\/www.camforpro.com\/blog\/author\/matze\/\"}]}<\/script>\n<!-- \/ Yoast SEO plugin. -->","yoast_head_json":{"title":"Welcher Fotorucksack ist der Beste? Wir stellen die EVOC Familie vor","description":"Fotorucks\u00e4cke gibt es viele, doch welcher ist der Richtige f\u00fcr Dich? Wir stellen drei Modelle f\u00fcr Einsteiger und Profis vor.","robots":{"index":"index","follow":"follow","max-snippet":"max-snippet:-1","max-image-preview":"max-image-preview:large","max-video-preview":"max-video-preview:-1"},"canonical":"https:\/\/www.camforpro.com\/blog\/bester-fotorucksack\/","og_locale":"de_DE","og_type":"article","og_title":"Welcher Fotorucksack ist der Beste? Wir stellen die EVOC Familie vor","og_description":"Fotorucks\u00e4cke gibt es viele, doch welcher ist der Richtige f\u00fcr Dich? Wir stellen drei Modelle f\u00fcr Einsteiger und Profis vor.","og_url":"https:\/\/www.camforpro.com\/blog\/bester-fotorucksack\/","og_site_name":"camforpro Blog","article_publisher":"http:\/\/www.facebook.com\/camforpro\/?fref=ts","article_published_time":"2020-06-18T13:20:57+00:00","article_modified_time":"2021-02-02T09:41:44+00:00","og_image":[{"width":1390,"height":590,"url":"https:\/\/www.camforpro.com\/blog\/wp-content\/uploads\/2020\/06\/Teaser-Evoc-Fotorucks\u00e4cke.jpg","type":"image\/jpeg"}],"twitter_card":"summary","twitter_misc":{"Verfasst von":"Matze","Gesch\u00e4tzte Lesezeit":"4\u00a0Minuten"},"schema":{"@context":"https:\/\/schema.org","@graph":[{"@type":"WebSite","@id":"https:\/\/www.camforpro.com\/blog\/#website","url":"https:\/\/www.camforpro.com\/blog\/","name":"camforpro Blog","description":"","potentialAction":[{"@type":"SearchAction","target":{"@type":"EntryPoint","urlTemplate":"https:\/\/www.camforpro.com\/blog\/?s={search_term_string}"},"query-input":"required name=search_term_string"}],"inLanguage":"de"},{"@type":"ImageObject","@id":"https:\/\/www.camforpro.com\/blog\/bester-fotorucksack\/#primaryimage","inLanguage":"de","url":"https:\/\/www.camforpro.com\/blog\/wp-content\/uploads\/2020\/06\/Teaser-Evoc-Fotorucks\u00e4cke.jpg","contentUrl":"https:\/\/www.camforpro.com\/blog\/wp-content\/uploads\/2020\/06\/Teaser-Evoc-Fotorucks\u00e4cke.jpg","width":1390,"height":590,"caption":"EVOC Fotorucks\u00e4cke sind funktional und qualitativ hochwertig verarbeitet"},{"@type":"WebPage","@id":"https:\/\/www.camforpro.com\/blog\/bester-fotorucksack\/#webpage","url":"https:\/\/www.camforpro.com\/blog\/bester-fotorucksack\/","name":"Welcher Fotorucksack ist der Beste? Wir stellen die EVOC Familie vor","isPartOf":{"@id":"https:\/\/www.camforpro.com\/blog\/#website"},"primaryImageOfPage":{"@id":"https:\/\/www.camforpro.com\/blog\/bester-fotorucksack\/#primaryimage"},"datePublished":"2020-06-18T13:20:57+00:00","dateModified":"2021-02-02T09:41:44+00:00","author":{"@id":"https:\/\/www.camforpro.com\/blog\/#\/schema\/person\/c6114b449bd4685b3f0caa29810fc32f"},"description":"Fotorucks\u00e4cke gibt es viele, doch welcher ist der Richtige f\u00fcr Dich? Wir stellen drei Modelle f\u00fcr Einsteiger und Profis vor.","breadcrumb":{"@id":"https:\/\/www.camforpro.com\/blog\/bester-fotorucksack\/#breadcrumb"},"inLanguage":"de","potentialAction":[{"@type":"ReadAction","target":["https:\/\/www.camforpro.com\/blog\/bester-fotorucksack\/"]}]},{"@type":"BreadcrumbList","@id":"https:\/\/www.camforpro.com\/blog\/bester-fotorucksack\/#breadcrumb","itemListElement":[{"@type":"ListItem","position":1,"name":"Home","item":"https:\/\/www.camforpro.com\/blog\/"},{"@type":"ListItem","position":2,"name":"Best of bags extended: Welcher Fotorucksack passt zu welchem Equipment?"}]},{"@type":"Person","@id":"https:\/\/www.camforpro.com\/blog\/#\/schema\/person\/c6114b449bd4685b3f0caa29810fc32f","name":"Matze","image":{"@type":"ImageObject","@id":"https:\/\/www.camforpro.com\/blog\/#personlogo","inLanguage":"de","url":"https:\/\/secure.gravatar.com\/avatar\/c587b3e12ea3830be1e2570ae27e2c16?s=96&d=mm&r=g","contentUrl":"https:\/\/secure.gravatar.com\/avatar\/c587b3e12ea3830be1e2570ae27e2c16?s=96&d=mm&r=g","caption":"Matze"},"url":"https:\/\/www.camforpro.com\/blog\/author\/matze\/"}]}},"_links":{"self":[{"href":"https:\/\/www.camforpro.com\/blog\/wp-json\/wp\/v2\/posts\/7181"}],"collection":[{"href":"https:\/\/www.camforpro.com\/blog\/wp-json\/wp\/v2\/posts"}],"about":[{"href":"https:\/\/www.camforpro.com\/blog\/wp-json\/wp\/v2\/types\/post"}],"author":[{"embeddable":true,"href":"https:\/\/www.camforpro.com\/blog\/wp-json\/wp\/v2\/users\/18"}],"replies":[{"embeddable":true,"href":"https:\/\/www.camforpro.com\/blog\/wp-json\/wp\/v2\/comments?post=7181"}],"version-history":[{"count":63,"href":"https:\/\/www.camforpro.com\/blog\/wp-json\/wp\/v2\/posts\/7181\/revisions"}],"predecessor-version":[{"id":7183,"href":"https:\/\/www.camforpro.com\/blog\/wp-json\/wp\/v2\/posts\/7181\/revisions\/7183"}],"wp:featuredmedia":[{"embeddable":true,"href":"https:\/\/www.camforpro.com\/blog\/wp-json\/wp\/v2\/media\/7185"}],"wp:attachment":[{"href":"https:\/\/www.camforpro.com\/blog\/wp-json\/wp\/v2\/media?parent=7181"}],"wp:term":[{"taxonomy":"category","embeddable":true,"href":"https:\/\/www.camforpro.com\/blog\/wp-json\/wp\/v2\/categories?post=7181"},{"taxonomy":"post_tag","embeddable":true,"href":"https:\/\/www.camforpro.com\/blog\/wp-json\/wp\/v2\/tags?post=7181"}],"curies":[{"name":"wp","href":"https:\/\/api.w.org\/{rel}","templated":true}]}}