{"id":6737,"date":"2019-10-01T16:30:06","date_gmt":"2019-10-01T14:30:06","guid":{"rendered":"https:\/\/www.camforpro.com\/blog\/?p=6737"},"modified":"2019-10-01T16:41:25","modified_gmt":"2019-10-01T14:41:25","slug":"gopro-hero8-black-und-gopro-max-sind-da","status":"publish","type":"post","link":"https:\/\/www.camforpro.com\/blog\/gopro-hero8-black-und-gopro-max-sind-da\/","title":{"rendered":"Das n\u00e4chste Level: GoPro HERO8 Black und GoPro MAX sind gelandet"},"content":{"rendered":"<p>Der Fr\u00fchherbst pustet nicht nur die ersten Bl\u00e4tter durcheinander, sondern weht uns traditionell auch den neusten Coup aus dem Hause GoPro ins Haus: Soeben passiert mit der <a href=\"https:\/\/www.camforpro.com\/gopro-hero8-black\/\" target=\"_blank\" rel=\"noopener\">GoPro HERO8 Black<\/a>. Damit nicht genug, geht zudem eine neue 360 Grad Actioncam an den Start: Die <a href=\"https:\/\/www.camforpro.com\/gopro-max\/\" target=\"_blank\" rel=\"noopener\">GoPro MAX<\/a>. Mit diesen zwei Modellen erklimmt der amerikanische <a href=\"https:\/\/gopro.com\/en\/us\/\" target=\"_blank\" rel=\"noopener\">Top-Brand<\/a> das n\u00e4chste Actioncam-Level. Schauen wir uns im Folgenden die beiden neuen Flagschiffe aus dem Hause GoPro doch einmal genauer an.<\/p>\n<h4>Die GoPro HERO8 Black <img loading=\"lazy\" class=\"alignleft wp-image-6752\" src=\"https:\/\/www.camforpro.com\/blog\/wp-content\/uploads\/2019\/10\/xgopro-hero8-black_08713_1560937_600x600.jpg.pagespeed.ic_.eOUGq64a-s.jpg\" alt=\"GoPro pr\u00e4sentiert die HERO8 Black\" width=\"220\" height=\"167\" srcset=\"https:\/\/www.camforpro.com\/blog\/wp-content\/uploads\/2019\/10\/xgopro-hero8-black_08713_1560937_600x600.jpg.pagespeed.ic_.eOUGq64a-s.jpg 427w, https:\/\/www.camforpro.com\/blog\/wp-content\/uploads\/2019\/10\/xgopro-hero8-black_08713_1560937_600x600.jpg.pagespeed.ic_.eOUGq64a-s-300x227.jpg 300w\" sizes=\"(max-width: 220px) 100vw, 220px\" \/><\/h4>\n<p>Die neue <a href=\"https:\/\/www.camforpro.com\/gopro-hero8-black\/\" target=\"_blank\" rel=\"noopener\">GoPro HERO8 Black<\/a> geht <strong>modular<\/strong> und damit als <strong>vielseitigste<\/strong> GoPro aller Zeiten an den Start.<\/p>\n<p>Das abgerundete, <strong>neue<\/strong> Design macht sie extrem <strong>handlich<\/strong> und kompakt; der Wechsel von Halterungen erfolgt mithilfe eingelassener und ausklappbarer Befestigungs\u00f6sen (\u201eFolding Fingers\u201c) innerhalb von Sekunden. Dank dieses integrierten GoPro-Mounts und des auf die Seite verlagerten Akku\/Speicherkarten-Einschubs ist die Kamera zudem auch ohne Geh\u00e4use an diverses Zubeh\u00f6r montierbar.<\/p>\n<p>Die neue GoPro HERO8 Black pr\u00e4sentiert sich mit einem optionalen Media Modul, welches wiederum Addons, also praktische Erweiterungen, wie das \u201eLight Mod\u201c f\u00fcr mehr Licht oder auch einen weiteren Bildschirm aufnehmen kann. Die <strong>Media Mods<\/strong> machen Deine GoPro zu Deiner ganz individuellen Actioncam. Ein st\u00e4rkeres externes Mikro ist im Media Mod bereits integriert.<\/p>\n<p>Die butterweiche <strong>Hypersmooth<\/strong> Bildstabilisierung kommt in <strong>2.0 Version<\/strong> daher und ist mit drei Stabilisations-Leveln in allen Aufl\u00f6sungen besser als je zuvor. <strong>Time-Warp<\/strong> pr\u00e4sentiert sich ebenfalls in <strong>2.0<\/strong> und passt nun auch automatisch die Geschwindigkeit auf die Action an.<\/p>\n<p>&nbsp;<\/p>\n<h4>Die GoPro MAX <img loading=\"lazy\" class=\"wp-image-6749 alignright\" src=\"https:\/\/www.camforpro.com\/blog\/wp-content\/uploads\/2019\/10\/MAX_Carousel_Lifestyle-002-small.jpg\" alt=\"Die GoPro MAX ist die neue 360 Grad Actioncam aus dem Hause GoPro\" width=\"233\" height=\"223\" srcset=\"https:\/\/www.camforpro.com\/blog\/wp-content\/uploads\/2019\/10\/MAX_Carousel_Lifestyle-002-small.jpg 752w, https:\/\/www.camforpro.com\/blog\/wp-content\/uploads\/2019\/10\/MAX_Carousel_Lifestyle-002-small-300x287.jpg 300w\" sizes=\"(max-width: 233px) 100vw, 233px\" \/><\/h4>\n<p>Die neue <a href=\"https:\/\/www.camforpro.com\/gopro-max\/\" target=\"_blank\" rel=\"noopener\">GoPro MAX<\/a> pr\u00e4sentiert sich selbstbewusst als die <strong>kreativste<\/strong> GoPro aller Zeiten.<\/p>\n<p>Der Nachfolger der GoPro Fusion, der ersten 360 Grad Kamera von GoPro, \u00fcberzeugt mit einer einzigen Aufnahme (\u201e<strong>point and click<\/strong>\u201c) f\u00fcr gro\u00dfartige Panorama-Aufnahmen, wahlweise kannst Du traditionelles GoPro Material aufnehmen und hast damit immer absolute kreative Freiheit.<\/p>\n<p>\u201eFolding Fingers\u201c, also die eingelassenen \u00d6sen zur Befestigung, geh\u00f6ren auch hier zum Programm. Sechs integrierte Mikrofone sorgen f\u00fcr 360 Grad Sound und damit den besten GoPro Sound aller Zeiten.<\/p>\n<p>Checkt die umfassenden Produktinfos zu <a href=\"https:\/\/www.camforpro.com\/gopro-hero8-black\/\" target=\"_blank\" rel=\"noopener\">GoPro HERO8 Black<\/a> und <a href=\"https:\/\/www.camforpro.com\/gopro-max\/\" target=\"_blank\" rel=\"noopener\">GoPro MAX<\/a> direkt bei uns im Shop und bestellt euch schon jetzt eines der neuen Top-Modelle aus dem Hause GoPro vor<br \/>\n\u2013 das n\u00e4chste Level wartet auf euch!<\/p>\n<figure id=\"attachment_6762\" aria-describedby=\"caption-attachment-6762\" style=\"width: 1421px\" class=\"wp-caption alignleft\"><img loading=\"lazy\" class=\"wp-image-6762 size-full\" src=\"https:\/\/www.camforpro.com\/blog\/wp-content\/uploads\/2019\/10\/Line-Up-8.jpg\" alt=\"GoPro Actioncam Line-Up\" width=\"1421\" height=\"747\" srcset=\"https:\/\/www.camforpro.com\/blog\/wp-content\/uploads\/2019\/10\/Line-Up-8.jpg 1421w, https:\/\/www.camforpro.com\/blog\/wp-content\/uploads\/2019\/10\/Line-Up-8-300x158.jpg 300w, https:\/\/www.camforpro.com\/blog\/wp-content\/uploads\/2019\/10\/Line-Up-8-1024x538.jpg 1024w, https:\/\/www.camforpro.com\/blog\/wp-content\/uploads\/2019\/10\/Line-Up-8-768x404.jpg 768w\" sizes=\"(max-width: 1421px) 100vw, 1421px\" \/><figcaption id=\"caption-attachment-6762\" class=\"wp-caption-text\">Features und Funktionen des GoPro Actioncam Line-Up: HERO7 Silver, HERO7 Black und die neue GoPro HERO8 Black<\/figcaption><\/figure>\n","protected":false},"excerpt":{"rendered":"<p>Der Fr\u00fchherbst pustet nicht nur die ersten Bl\u00e4tter durcheinander, sondern weht uns traditionell auch den neusten Coup aus dem Hause GoPro ins Haus: Soeben passiert mit der GoPro HERO8 Black. Damit nicht genug, geht zudem eine neue 360 Grad Actioncam an den Start: Die GoPro MAX. Mit diesen zwei Modellen erklimmt der amerikanische Top-Brand das [&hellip;]<\/p>\n","protected":false},"author":8,"featured_media":6744,"comment_status":"open","ping_status":"open","sticky":false,"template":"","format":"standard","meta":[],"categories":[472,1,12],"tags":[736,734,737,735],"yoast_head":"<!-- This site is optimized with the Yoast SEO plugin v18.4.1 - https:\/\/yoast.com\/wordpress\/plugins\/seo\/ -->\n<title>goprohero8black und gopro max sind die neuen Top-Modelle von GoPro<\/title>\n<meta name=\"description\" content=\"GoPro HERO8 Black und GoPro MAX gehen an den Start. Wir stellen euch alle Informationen zu den neuen Top-Modellen aus dem Hause GoPro vor\" \/>\n<meta name=\"robots\" content=\"index, follow, max-snippet:-1, max-image-preview:large, max-video-preview:-1\" \/>\n<link rel=\"canonical\" href=\"https:\/\/www.camforpro.com\/blog\/gopro-hero8-black-und-gopro-max-sind-da\/\" \/>\n<meta property=\"og:locale\" content=\"de_DE\" \/>\n<meta property=\"og:type\" content=\"article\" \/>\n<meta property=\"og:title\" content=\"goprohero8black und gopro max sind die neuen Top-Modelle von GoPro\" \/>\n<meta property=\"og:description\" content=\"GoPro HERO8 Black und GoPro MAX gehen an den Start. Wir stellen euch alle Informationen zu den neuen Top-Modellen aus dem Hause GoPro vor\" \/>\n<meta property=\"og:url\" content=\"https:\/\/www.camforpro.com\/blog\/gopro-hero8-black-und-gopro-max-sind-da\/\" \/>\n<meta property=\"og:site_name\" content=\"camforpro Blog\" \/>\n<meta property=\"article:publisher\" content=\"http:\/\/www.facebook.com\/camforpro\/?fref=ts\" \/>\n<meta property=\"article:published_time\" content=\"2019-10-01T14:30:06+00:00\" \/>\n<meta property=\"article:modified_time\" content=\"2019-10-01T14:41:25+00:00\" \/>\n<meta property=\"og:image\" content=\"https:\/\/www.camforpro.com\/blog\/wp-content\/uploads\/2019\/10\/Teaser.jpg\" \/>\n\t<meta property=\"og:image:width\" content=\"1186\" \/>\n\t<meta property=\"og:image:height\" content=\"679\" \/>\n\t<meta property=\"og:image:type\" content=\"image\/jpeg\" \/>\n<meta name=\"twitter:card\" content=\"summary\" \/>\n<meta name=\"twitter:label1\" content=\"Verfasst von\" \/>\n\t<meta name=\"twitter:data1\" content=\"Malte\" \/>\n\t<meta name=\"twitter:label2\" content=\"Gesch\u00e4tzte Lesezeit\" \/>\n\t<meta name=\"twitter:data2\" content=\"2\u00a0Minuten\" \/>\n<script type=\"application\/ld+json\" class=\"yoast-schema-graph\">{\"@context\":\"https:\/\/schema.org\",\"@graph\":[{\"@type\":\"WebSite\",\"@id\":\"https:\/\/www.camforpro.com\/blog\/#website\",\"url\":\"https:\/\/www.camforpro.com\/blog\/\",\"name\":\"camforpro Blog\",\"description\":\"\",\"potentialAction\":[{\"@type\":\"SearchAction\",\"target\":{\"@type\":\"EntryPoint\",\"urlTemplate\":\"https:\/\/www.camforpro.com\/blog\/?s={search_term_string}\"},\"query-input\":\"required name=search_term_string\"}],\"inLanguage\":\"de\"},{\"@type\":\"ImageObject\",\"@id\":\"https:\/\/www.camforpro.com\/blog\/gopro-hero8-black-und-gopro-max-sind-da\/#primaryimage\",\"inLanguage\":\"de\",\"url\":\"https:\/\/www.camforpro.com\/blog\/wp-content\/uploads\/2019\/10\/Teaser.jpg\",\"contentUrl\":\"https:\/\/www.camforpro.com\/blog\/wp-content\/uploads\/2019\/10\/Teaser.jpg\",\"width\":1186,\"height\":679,\"caption\":\"GoPro pr\u00e4sentiert die neue GoPro HERO8 Black\"},{\"@type\":\"WebPage\",\"@id\":\"https:\/\/www.camforpro.com\/blog\/gopro-hero8-black-und-gopro-max-sind-da\/#webpage\",\"url\":\"https:\/\/www.camforpro.com\/blog\/gopro-hero8-black-und-gopro-max-sind-da\/\",\"name\":\"goprohero8black und gopro max sind die neuen Top-Modelle von GoPro\",\"isPartOf\":{\"@id\":\"https:\/\/www.camforpro.com\/blog\/#website\"},\"primaryImageOfPage\":{\"@id\":\"https:\/\/www.camforpro.com\/blog\/gopro-hero8-black-und-gopro-max-sind-da\/#primaryimage\"},\"datePublished\":\"2019-10-01T14:30:06+00:00\",\"dateModified\":\"2019-10-01T14:41:25+00:00\",\"author\":{\"@id\":\"https:\/\/www.camforpro.com\/blog\/#\/schema\/person\/2e58384de216df5b1b9e3af7c05ae992\"},\"description\":\"GoPro HERO8 Black und GoPro MAX gehen an den Start. Wir stellen euch alle Informationen zu den neuen Top-Modellen aus dem Hause GoPro vor\",\"breadcrumb\":{\"@id\":\"https:\/\/www.camforpro.com\/blog\/gopro-hero8-black-und-gopro-max-sind-da\/#breadcrumb\"},\"inLanguage\":\"de\",\"potentialAction\":[{\"@type\":\"ReadAction\",\"target\":[\"https:\/\/www.camforpro.com\/blog\/gopro-hero8-black-und-gopro-max-sind-da\/\"]}]},{\"@type\":\"BreadcrumbList\",\"@id\":\"https:\/\/www.camforpro.com\/blog\/gopro-hero8-black-und-gopro-max-sind-da\/#breadcrumb\",\"itemListElement\":[{\"@type\":\"ListItem\",\"position\":1,\"name\":\"Home\",\"item\":\"https:\/\/www.camforpro.com\/blog\/\"},{\"@type\":\"ListItem\",\"position\":2,\"name\":\"Das n\u00e4chste Level: GoPro HERO8 Black und GoPro MAX sind gelandet\"}]},{\"@type\":\"Person\",\"@id\":\"https:\/\/www.camforpro.com\/blog\/#\/schema\/person\/2e58384de216df5b1b9e3af7c05ae992\",\"name\":\"Malte\",\"image\":{\"@type\":\"ImageObject\",\"@id\":\"https:\/\/www.camforpro.com\/blog\/#personlogo\",\"inLanguage\":\"de\",\"url\":\"https:\/\/secure.gravatar.com\/avatar\/08d096505be328d2028e16f6363f0283?s=96&d=mm&r=g\",\"contentUrl\":\"https:\/\/secure.gravatar.com\/avatar\/08d096505be328d2028e16f6363f0283?s=96&d=mm&r=g\",\"caption\":\"Malte\"},\"url\":\"https:\/\/www.camforpro.com\/blog\/author\/malte\/\"}]}<\/script>\n<!-- \/ Yoast SEO plugin. -->","yoast_head_json":{"title":"goprohero8black und gopro max sind die neuen Top-Modelle von GoPro","description":"GoPro HERO8 Black und GoPro MAX gehen an den Start. Wir stellen euch alle Informationen zu den neuen Top-Modellen aus dem Hause GoPro vor","robots":{"index":"index","follow":"follow","max-snippet":"max-snippet:-1","max-image-preview":"max-image-preview:large","max-video-preview":"max-video-preview:-1"},"canonical":"https:\/\/www.camforpro.com\/blog\/gopro-hero8-black-und-gopro-max-sind-da\/","og_locale":"de_DE","og_type":"article","og_title":"goprohero8black und gopro max sind die neuen Top-Modelle von GoPro","og_description":"GoPro HERO8 Black und GoPro MAX gehen an den Start. Wir stellen euch alle Informationen zu den neuen Top-Modellen aus dem Hause GoPro vor","og_url":"https:\/\/www.camforpro.com\/blog\/gopro-hero8-black-und-gopro-max-sind-da\/","og_site_name":"camforpro Blog","article_publisher":"http:\/\/www.facebook.com\/camforpro\/?fref=ts","article_published_time":"2019-10-01T14:30:06+00:00","article_modified_time":"2019-10-01T14:41:25+00:00","og_image":[{"width":1186,"height":679,"url":"https:\/\/www.camforpro.com\/blog\/wp-content\/uploads\/2019\/10\/Teaser.jpg","type":"image\/jpeg"}],"twitter_card":"summary","twitter_misc":{"Verfasst von":"Malte","Gesch\u00e4tzte Lesezeit":"2\u00a0Minuten"},"schema":{"@context":"https:\/\/schema.org","@graph":[{"@type":"WebSite","@id":"https:\/\/www.camforpro.com\/blog\/#website","url":"https:\/\/www.camforpro.com\/blog\/","name":"camforpro Blog","description":"","potentialAction":[{"@type":"SearchAction","target":{"@type":"EntryPoint","urlTemplate":"https:\/\/www.camforpro.com\/blog\/?s={search_term_string}"},"query-input":"required name=search_term_string"}],"inLanguage":"de"},{"@type":"ImageObject","@id":"https:\/\/www.camforpro.com\/blog\/gopro-hero8-black-und-gopro-max-sind-da\/#primaryimage","inLanguage":"de","url":"https:\/\/www.camforpro.com\/blog\/wp-content\/uploads\/2019\/10\/Teaser.jpg","contentUrl":"https:\/\/www.camforpro.com\/blog\/wp-content\/uploads\/2019\/10\/Teaser.jpg","width":1186,"height":679,"caption":"GoPro pr\u00e4sentiert die neue GoPro HERO8 Black"},{"@type":"WebPage","@id":"https:\/\/www.camforpro.com\/blog\/gopro-hero8-black-und-gopro-max-sind-da\/#webpage","url":"https:\/\/www.camforpro.com\/blog\/gopro-hero8-black-und-gopro-max-sind-da\/","name":"goprohero8black und gopro max sind die neuen Top-Modelle von GoPro","isPartOf":{"@id":"https:\/\/www.camforpro.com\/blog\/#website"},"primaryImageOfPage":{"@id":"https:\/\/www.camforpro.com\/blog\/gopro-hero8-black-und-gopro-max-sind-da\/#primaryimage"},"datePublished":"2019-10-01T14:30:06+00:00","dateModified":"2019-10-01T14:41:25+00:00","author":{"@id":"https:\/\/www.camforpro.com\/blog\/#\/schema\/person\/2e58384de216df5b1b9e3af7c05ae992"},"description":"GoPro HERO8 Black und GoPro MAX gehen an den Start. Wir stellen euch alle Informationen zu den neuen Top-Modellen aus dem Hause GoPro vor","breadcrumb":{"@id":"https:\/\/www.camforpro.com\/blog\/gopro-hero8-black-und-gopro-max-sind-da\/#breadcrumb"},"inLanguage":"de","potentialAction":[{"@type":"ReadAction","target":["https:\/\/www.camforpro.com\/blog\/gopro-hero8-black-und-gopro-max-sind-da\/"]}]},{"@type":"BreadcrumbList","@id":"https:\/\/www.camforpro.com\/blog\/gopro-hero8-black-und-gopro-max-sind-da\/#breadcrumb","itemListElement":[{"@type":"ListItem","position":1,"name":"Home","item":"https:\/\/www.camforpro.com\/blog\/"},{"@type":"ListItem","position":2,"name":"Das n\u00e4chste Level: GoPro HERO8 Black und GoPro MAX sind gelandet"}]},{"@type":"Person","@id":"https:\/\/www.camforpro.com\/blog\/#\/schema\/person\/2e58384de216df5b1b9e3af7c05ae992","name":"Malte","image":{"@type":"ImageObject","@id":"https:\/\/www.camforpro.com\/blog\/#personlogo","inLanguage":"de","url":"https:\/\/secure.gravatar.com\/avatar\/08d096505be328d2028e16f6363f0283?s=96&d=mm&r=g","contentUrl":"https:\/\/secure.gravatar.com\/avatar\/08d096505be328d2028e16f6363f0283?s=96&d=mm&r=g","caption":"Malte"},"url":"https:\/\/www.camforpro.com\/blog\/author\/malte\/"}]}},"_links":{"self":[{"href":"https:\/\/www.camforpro.com\/blog\/wp-json\/wp\/v2\/posts\/6737"}],"collection":[{"href":"https:\/\/www.camforpro.com\/blog\/wp-json\/wp\/v2\/posts"}],"about":[{"href":"https:\/\/www.camforpro.com\/blog\/wp-json\/wp\/v2\/types\/post"}],"author":[{"embeddable":true,"href":"https:\/\/www.camforpro.com\/blog\/wp-json\/wp\/v2\/users\/8"}],"replies":[{"embeddable":true,"href":"https:\/\/www.camforpro.com\/blog\/wp-json\/wp\/v2\/comments?post=6737"}],"version-history":[{"count":25,"href":"https:\/\/www.camforpro.com\/blog\/wp-json\/wp\/v2\/posts\/6737\/revisions"}],"predecessor-version":[{"id":6768,"href":"https:\/\/www.camforpro.com\/blog\/wp-json\/wp\/v2\/posts\/6737\/revisions\/6768"}],"wp:featuredmedia":[{"embeddable":true,"href":"https:\/\/www.camforpro.com\/blog\/wp-json\/wp\/v2\/media\/6744"}],"wp:attachment":[{"href":"https:\/\/www.camforpro.com\/blog\/wp-json\/wp\/v2\/media?parent=6737"}],"wp:term":[{"taxonomy":"category","embeddable":true,"href":"https:\/\/www.camforpro.com\/blog\/wp-json\/wp\/v2\/categories?post=6737"},{"taxonomy":"post_tag","embeddable":true,"href":"https:\/\/www.camforpro.com\/blog\/wp-json\/wp\/v2\/tags?post=6737"}],"curies":[{"name":"wp","href":"https:\/\/api.w.org\/{rel}","templated":true}]}}