{"id":6308,"date":"2019-02-13T16:10:24","date_gmt":"2019-02-13T14:10:24","guid":{"rendered":"https:\/\/www.camforpro.com\/blog\/?p=6308"},"modified":"2019-02-13T17:11:04","modified_gmt":"2019-02-13T15:11:04","slug":"continental-icecontact-3-challenge","status":"publish","type":"post","link":"https:\/\/www.camforpro.com\/blog\/continental-icecontact-3-challenge\/","title":{"rendered":"Eiskalt abgeliefert: camforpro Produktion steuert GoPro Aufnahmen f\u00fcr neuen Continental Winterreifen bei"},"content":{"rendered":"<p>Im Auftrag einer Produktion der Continental AG startete das camforpro Produktionsteam vergangenen Monat zu einem Dreh, bei dem man sich sprichw\u00f6rtlich warm anziehen musste. Auf einer Teststrecke in <strong>Kuusamo<\/strong>, <strong>Finnland<\/strong>, entstand der Clip zum neuen <strong>Continental IceContact 3<\/strong> Reifen. Unser Team steuerte die <strong>GoPro Aufnahmen<\/strong> zum Clip bei. Der unter Wintersportlern beliebte Ort liegt nahe der russischen Grenze und die Temperaturen um diese Jahreszeit bei durchschnittlich <strong>Minus 28 Grad<\/strong>. Au\u00dfergew\u00f6hnliche Anforderungen also an die Teams und Kameras gleicherma\u00dfen. Ergebnis: Eine geniale <strong>Challenge<\/strong> mit tollen Bildern zum brandneuen Continental IceContact 3 mit ContiFlexStud Technologie.<\/p>\n<h4>Reife(n)pr\u00fcfung<\/h4>\n<p>Im Clip testen vier <strong>Profi-Fahrer*innen<\/strong> in einer actiongeladenen Driving Challenge den neuen IceContact 3 \u2013 den ersten Winterreifen mit flexiblen Spikes. Unsere GoPro Operator hatten also nicht nur warme Klamotte, sondern richtig viel Equipment im Gep\u00e4ck. Gut geheizte H\u00fctten am Streckenrand sicherten das \u00dcberleben von Akkus und Fingern und sorgten am Ende f\u00fcr einen gelungenen Clip mit viel Action und tollen Bildern. Als Belohnung f\u00fcr die Teams gab es zum Ende des einw\u00f6chigen Drehs nicht nur finnische Elch-Suppe, sondern abschlie\u00dfend noch ein echtes Highlight: Aurora Borealis, die spektakul\u00e4ren Polarlichter.<\/p>\n<h4>Der Clip zum Trip<\/h4>\n<p>https:\/\/www.facebook.com\/video.php?v=296447131069391<\/p>\n<p>&nbsp;<\/p>\n<p>Fragen und Anregungen zur Performance der GoPro bei extremer K\u00e4lte, Akkulaufzeiten sowie Tipps und Tricks f\u00fcrs Handling bei Eis und Schnee diskutieren wir nat\u00fcrlich gerne jederzeit mit euch!<\/p>\n<div id='gallery-1' class='gallery galleryid-6308 gallery-columns-6 gallery-size-large'><figure class='gallery-item'>\n\t\t\t<div class='gallery-icon landscape'>\n\t\t\t\t<img width=\"980\" height=\"980\" src=\"https:\/\/www.camforpro.com\/blog\/wp-content\/uploads\/2019\/02\/Polarlichter-mit-GoPro-Fusion-beim-Continental-Clip-in-Finnland-scaled-1024x1024.jpg\" class=\"attachment-large size-large\" alt=\"\" loading=\"lazy\" aria-describedby=\"gallery-1-6367\" srcset=\"https:\/\/www.camforpro.com\/blog\/wp-content\/uploads\/2019\/02\/Polarlichter-mit-GoPro-Fusion-beim-Continental-Clip-in-Finnland-scaled-1024x1024.jpg 1024w, https:\/\/www.camforpro.com\/blog\/wp-content\/uploads\/2019\/02\/Polarlichter-mit-GoPro-Fusion-beim-Continental-Clip-in-Finnland-scaled-300x300.jpg 300w, https:\/\/www.camforpro.com\/blog\/wp-content\/uploads\/2019\/02\/Polarlichter-mit-GoPro-Fusion-beim-Continental-Clip-in-Finnland-scaled-768x768.jpg 768w, https:\/\/www.camforpro.com\/blog\/wp-content\/uploads\/2019\/02\/Polarlichter-mit-GoPro-Fusion-beim-Continental-Clip-in-Finnland-scaled-1536x1536.jpg 1536w, https:\/\/www.camforpro.com\/blog\/wp-content\/uploads\/2019\/02\/Polarlichter-mit-GoPro-Fusion-beim-Continental-Clip-in-Finnland-scaled-2048x2048.jpg 2048w, https:\/\/www.camforpro.com\/blog\/wp-content\/uploads\/2019\/02\/Polarlichter-mit-GoPro-Fusion-beim-Continental-Clip-in-Finnland-scaled-480x480.jpg 480w\" sizes=\"(max-width: 980px) 100vw, 980px\" \/>\n\t\t\t<\/div>\n\t\t\t\t<figcaption class='wp-caption-text gallery-caption' id='gallery-1-6367'>\n\t\t\t\tTeam und Polarlichter &#8211; by GoPro Fusion\n\t\t\t\t<\/figcaption><\/figure><figure class='gallery-item'>\n\t\t\t<div class='gallery-icon landscape'>\n\t\t\t\t<img width=\"980\" height=\"735\" src=\"https:\/\/www.camforpro.com\/blog\/wp-content\/uploads\/2019\/02\/camforpro-Produktion-GoPro-Operator-scaled-1024x768.jpg\" class=\"attachment-large size-large\" alt=\"\" loading=\"lazy\" aria-describedby=\"gallery-1-6359\" srcset=\"https:\/\/www.camforpro.com\/blog\/wp-content\/uploads\/2019\/02\/camforpro-Produktion-GoPro-Operator-scaled-1024x768.jpg 1024w, https:\/\/www.camforpro.com\/blog\/wp-content\/uploads\/2019\/02\/camforpro-Produktion-GoPro-Operator-scaled-300x225.jpg 300w, https:\/\/www.camforpro.com\/blog\/wp-content\/uploads\/2019\/02\/camforpro-Produktion-GoPro-Operator-scaled-260x195.jpg 260w, https:\/\/www.camforpro.com\/blog\/wp-content\/uploads\/2019\/02\/camforpro-Produktion-GoPro-Operator-scaled-768x576.jpg 768w, https:\/\/www.camforpro.com\/blog\/wp-content\/uploads\/2019\/02\/camforpro-Produktion-GoPro-Operator-scaled-1536x1152.jpg 1536w, https:\/\/www.camforpro.com\/blog\/wp-content\/uploads\/2019\/02\/camforpro-Produktion-GoPro-Operator-scaled-2048x1536.jpg 2048w, https:\/\/www.camforpro.com\/blog\/wp-content\/uploads\/2019\/02\/camforpro-Produktion-GoPro-Operator-scaled-640x480.jpg 640w\" sizes=\"(max-width: 980px) 100vw, 980px\" \/>\n\t\t\t<\/div>\n\t\t\t\t<figcaption class='wp-caption-text gallery-caption' id='gallery-1-6359'>\n\t\t\t\tSonnenuntergang in Kuusamo\n\t\t\t\t<\/figcaption><\/figure><figure class='gallery-item'>\n\t\t\t<div class='gallery-icon portrait'>\n\t\t\t\t<img width=\"768\" height=\"1024\" src=\"https:\/\/www.camforpro.com\/blog\/wp-content\/uploads\/2019\/02\/GoPro-Montage-Testfahrzeug-768x1024.jpg\" class=\"attachment-large size-large\" alt=\"\" loading=\"lazy\" aria-describedby=\"gallery-1-6365\" srcset=\"https:\/\/www.camforpro.com\/blog\/wp-content\/uploads\/2019\/02\/GoPro-Montage-Testfahrzeug-768x1024.jpg 768w, https:\/\/www.camforpro.com\/blog\/wp-content\/uploads\/2019\/02\/GoPro-Montage-Testfahrzeug-225x300.jpg 225w, https:\/\/www.camforpro.com\/blog\/wp-content\/uploads\/2019\/02\/GoPro-Montage-Testfahrzeug-1152x1536.jpg 1152w, https:\/\/www.camforpro.com\/blog\/wp-content\/uploads\/2019\/02\/GoPro-Montage-Testfahrzeug.jpg 1400w\" sizes=\"(max-width: 768px) 100vw, 768px\" \/>\n\t\t\t<\/div>\n\t\t\t\t<figcaption class='wp-caption-text gallery-caption' id='gallery-1-6365'>\n\t\t\t\tIn Szene gesetzt\n\t\t\t\t<\/figcaption><\/figure><figure class='gallery-item'>\n\t\t\t<div class='gallery-icon portrait'>\n\t\t\t\t<img width=\"768\" height=\"1024\" src=\"https:\/\/www.camforpro.com\/blog\/wp-content\/uploads\/2019\/02\/GoPro-Einstellung-Testfahrzeug-1-768x1024.jpg\" class=\"attachment-large size-large\" alt=\"\" loading=\"lazy\" aria-describedby=\"gallery-1-6362\" srcset=\"https:\/\/www.camforpro.com\/blog\/wp-content\/uploads\/2019\/02\/GoPro-Einstellung-Testfahrzeug-1-768x1024.jpg 768w, https:\/\/www.camforpro.com\/blog\/wp-content\/uploads\/2019\/02\/GoPro-Einstellung-Testfahrzeug-1-225x300.jpg 225w, https:\/\/www.camforpro.com\/blog\/wp-content\/uploads\/2019\/02\/GoPro-Einstellung-Testfahrzeug-1-1152x1536.jpg 1152w, https:\/\/www.camforpro.com\/blog\/wp-content\/uploads\/2019\/02\/GoPro-Einstellung-Testfahrzeug-1.jpg 1400w\" sizes=\"(max-width: 768px) 100vw, 768px\" \/>\n\t\t\t<\/div>\n\t\t\t\t<figcaption class='wp-caption-text gallery-caption' id='gallery-1-6362'>\n\t\t\t\tPerfekter Blickwinkel\n\t\t\t\t<\/figcaption><\/figure><figure class='gallery-item'>\n\t\t\t<div class='gallery-icon landscape'>\n\t\t\t\t<img width=\"980\" height=\"735\" src=\"https:\/\/www.camforpro.com\/blog\/wp-content\/uploads\/2019\/02\/W\u00e4rmeh\u00fctte-Continental-Teststrecke-scaled-1024x768.jpg\" class=\"attachment-large size-large\" alt=\"\" loading=\"lazy\" aria-describedby=\"gallery-1-6368\" srcset=\"https:\/\/www.camforpro.com\/blog\/wp-content\/uploads\/2019\/02\/W\u00e4rmeh\u00fctte-Continental-Teststrecke-scaled-1024x768.jpg 1024w, https:\/\/www.camforpro.com\/blog\/wp-content\/uploads\/2019\/02\/W\u00e4rmeh\u00fctte-Continental-Teststrecke-scaled-300x225.jpg 300w, https:\/\/www.camforpro.com\/blog\/wp-content\/uploads\/2019\/02\/W\u00e4rmeh\u00fctte-Continental-Teststrecke-scaled-260x195.jpg 260w, https:\/\/www.camforpro.com\/blog\/wp-content\/uploads\/2019\/02\/W\u00e4rmeh\u00fctte-Continental-Teststrecke-scaled-768x576.jpg 768w, https:\/\/www.camforpro.com\/blog\/wp-content\/uploads\/2019\/02\/W\u00e4rmeh\u00fctte-Continental-Teststrecke-scaled-1536x1152.jpg 1536w, https:\/\/www.camforpro.com\/blog\/wp-content\/uploads\/2019\/02\/W\u00e4rmeh\u00fctte-Continental-Teststrecke-scaled-2048x1536.jpg 2048w, https:\/\/www.camforpro.com\/blog\/wp-content\/uploads\/2019\/02\/W\u00e4rmeh\u00fctte-Continental-Teststrecke-scaled-640x480.jpg 640w\" sizes=\"(max-width: 980px) 100vw, 980px\" \/>\n\t\t\t<\/div>\n\t\t\t\t<figcaption class='wp-caption-text gallery-caption' id='gallery-1-6368'>\n\t\t\t\tAufw\u00e4rmen am Streckenrand\n\t\t\t\t<\/figcaption><\/figure><figure class='gallery-item'>\n\t\t\t<div class='gallery-icon landscape'>\n\t\t\t\t<img width=\"980\" height=\"735\" src=\"https:\/\/www.camforpro.com\/blog\/wp-content\/uploads\/2019\/02\/GoPro-Ice-scaled-1024x768.jpg\" class=\"attachment-large size-large\" alt=\"\" loading=\"lazy\" aria-describedby=\"gallery-1-6363\" srcset=\"https:\/\/www.camforpro.com\/blog\/wp-content\/uploads\/2019\/02\/GoPro-Ice-scaled-1024x768.jpg 1024w, https:\/\/www.camforpro.com\/blog\/wp-content\/uploads\/2019\/02\/GoPro-Ice-scaled-300x225.jpg 300w, https:\/\/www.camforpro.com\/blog\/wp-content\/uploads\/2019\/02\/GoPro-Ice-scaled-260x195.jpg 260w, https:\/\/www.camforpro.com\/blog\/wp-content\/uploads\/2019\/02\/GoPro-Ice-scaled-768x576.jpg 768w, https:\/\/www.camforpro.com\/blog\/wp-content\/uploads\/2019\/02\/GoPro-Ice-scaled-1536x1152.jpg 1536w, https:\/\/www.camforpro.com\/blog\/wp-content\/uploads\/2019\/02\/GoPro-Ice-scaled-2048x1536.jpg 2048w, https:\/\/www.camforpro.com\/blog\/wp-content\/uploads\/2019\/02\/GoPro-Ice-scaled-640x480.jpg 640w\" sizes=\"(max-width: 980px) 100vw, 980px\" \/>\n\t\t\t<\/div>\n\t\t\t\t<figcaption class='wp-caption-text gallery-caption' id='gallery-1-6363'>\n\t\t\t\tGoPro on ice\n\t\t\t\t<\/figcaption><\/figure><figure class='gallery-item'>\n\t\t\t<div class='gallery-icon landscape'>\n\t\t\t\t<img width=\"980\" height=\"735\" src=\"https:\/\/www.camforpro.com\/blog\/wp-content\/uploads\/2019\/02\/Polarlichter-beim-GoPro-Dreh-zum-Continental-Winterreifen-scaled-1024x768.jpg\" class=\"attachment-large size-large\" alt=\"\" loading=\"lazy\" aria-describedby=\"gallery-1-6366\" srcset=\"https:\/\/www.camforpro.com\/blog\/wp-content\/uploads\/2019\/02\/Polarlichter-beim-GoPro-Dreh-zum-Continental-Winterreifen-scaled-1024x768.jpg 1024w, https:\/\/www.camforpro.com\/blog\/wp-content\/uploads\/2019\/02\/Polarlichter-beim-GoPro-Dreh-zum-Continental-Winterreifen-scaled-300x225.jpg 300w, https:\/\/www.camforpro.com\/blog\/wp-content\/uploads\/2019\/02\/Polarlichter-beim-GoPro-Dreh-zum-Continental-Winterreifen-scaled-260x195.jpg 260w, https:\/\/www.camforpro.com\/blog\/wp-content\/uploads\/2019\/02\/Polarlichter-beim-GoPro-Dreh-zum-Continental-Winterreifen-scaled-768x576.jpg 768w, https:\/\/www.camforpro.com\/blog\/wp-content\/uploads\/2019\/02\/Polarlichter-beim-GoPro-Dreh-zum-Continental-Winterreifen-scaled-1536x1152.jpg 1536w, https:\/\/www.camforpro.com\/blog\/wp-content\/uploads\/2019\/02\/Polarlichter-beim-GoPro-Dreh-zum-Continental-Winterreifen-scaled-2048x1536.jpg 2048w, https:\/\/www.camforpro.com\/blog\/wp-content\/uploads\/2019\/02\/Polarlichter-beim-GoPro-Dreh-zum-Continental-Winterreifen-scaled-640x480.jpg 640w\" sizes=\"(max-width: 980px) 100vw, 980px\" \/>\n\t\t\t<\/div>\n\t\t\t\t<figcaption class='wp-caption-text gallery-caption' id='gallery-1-6366'>\n\t\t\t\tAurora Borealis\n\t\t\t\t<\/figcaption><\/figure><figure class='gallery-item'>\n\t\t\t<div class='gallery-icon landscape'>\n\t\t\t\t<img width=\"980\" height=\"735\" src=\"https:\/\/www.camforpro.com\/blog\/wp-content\/uploads\/2019\/02\/Continental-Teststrecke-Finnland-scaled-1024x768.jpg\" class=\"attachment-large size-large\" alt=\"\" loading=\"lazy\" aria-describedby=\"gallery-1-6360\" srcset=\"https:\/\/www.camforpro.com\/blog\/wp-content\/uploads\/2019\/02\/Continental-Teststrecke-Finnland-scaled-1024x768.jpg 1024w, https:\/\/www.camforpro.com\/blog\/wp-content\/uploads\/2019\/02\/Continental-Teststrecke-Finnland-scaled-300x225.jpg 300w, https:\/\/www.camforpro.com\/blog\/wp-content\/uploads\/2019\/02\/Continental-Teststrecke-Finnland-scaled-260x195.jpg 260w, https:\/\/www.camforpro.com\/blog\/wp-content\/uploads\/2019\/02\/Continental-Teststrecke-Finnland-scaled-768x576.jpg 768w, https:\/\/www.camforpro.com\/blog\/wp-content\/uploads\/2019\/02\/Continental-Teststrecke-Finnland-scaled-1536x1152.jpg 1536w, https:\/\/www.camforpro.com\/blog\/wp-content\/uploads\/2019\/02\/Continental-Teststrecke-Finnland-scaled-2048x1536.jpg 2048w, https:\/\/www.camforpro.com\/blog\/wp-content\/uploads\/2019\/02\/Continental-Teststrecke-Finnland-scaled-640x480.jpg 640w\" sizes=\"(max-width: 980px) 100vw, 980px\" \/>\n\t\t\t<\/div>\n\t\t\t\t<figcaption class='wp-caption-text gallery-caption' id='gallery-1-6360'>\n\t\t\t\tEiskalte Drehbedingungen\n\t\t\t\t<\/figcaption><\/figure><figure class='gallery-item'>\n\t\t\t<div class='gallery-icon landscape'>\n\t\t\t\t<img width=\"980\" height=\"735\" src=\"https:\/\/www.camforpro.com\/blog\/wp-content\/uploads\/2019\/02\/GoPro-Montage-Conti-Testfahrzeug-scaled-1024x768.jpg\" class=\"attachment-large size-large\" alt=\"\" loading=\"lazy\" aria-describedby=\"gallery-1-6364\" srcset=\"https:\/\/www.camforpro.com\/blog\/wp-content\/uploads\/2019\/02\/GoPro-Montage-Conti-Testfahrzeug-scaled-1024x768.jpg 1024w, https:\/\/www.camforpro.com\/blog\/wp-content\/uploads\/2019\/02\/GoPro-Montage-Conti-Testfahrzeug-scaled-300x225.jpg 300w, https:\/\/www.camforpro.com\/blog\/wp-content\/uploads\/2019\/02\/GoPro-Montage-Conti-Testfahrzeug-scaled-260x195.jpg 260w, https:\/\/www.camforpro.com\/blog\/wp-content\/uploads\/2019\/02\/GoPro-Montage-Conti-Testfahrzeug-scaled-768x576.jpg 768w, https:\/\/www.camforpro.com\/blog\/wp-content\/uploads\/2019\/02\/GoPro-Montage-Conti-Testfahrzeug-scaled-1536x1152.jpg 1536w, https:\/\/www.camforpro.com\/blog\/wp-content\/uploads\/2019\/02\/GoPro-Montage-Conti-Testfahrzeug-scaled-2048x1536.jpg 2048w, https:\/\/www.camforpro.com\/blog\/wp-content\/uploads\/2019\/02\/GoPro-Montage-Conti-Testfahrzeug-scaled-640x480.jpg 640w\" sizes=\"(max-width: 980px) 100vw, 980px\" \/>\n\t\t\t<\/div>\n\t\t\t\t<figcaption class='wp-caption-text gallery-caption' id='gallery-1-6364'>\n\t\t\t\tGoPro Montage\n\t\t\t\t<\/figcaption><\/figure><figure class='gallery-item'>\n\t\t\t<div class='gallery-icon portrait'>\n\t\t\t\t<img width=\"768\" height=\"1024\" src=\"https:\/\/www.camforpro.com\/blog\/wp-content\/uploads\/2019\/02\/Finnland-Minusgrade-Continental-Dreh-scaled-768x1024.jpg\" class=\"attachment-large size-large\" alt=\"\" loading=\"lazy\" aria-describedby=\"gallery-1-6361\" srcset=\"https:\/\/www.camforpro.com\/blog\/wp-content\/uploads\/2019\/02\/Finnland-Minusgrade-Continental-Dreh-scaled-768x1024.jpg 768w, https:\/\/www.camforpro.com\/blog\/wp-content\/uploads\/2019\/02\/Finnland-Minusgrade-Continental-Dreh-scaled-225x300.jpg 225w, https:\/\/www.camforpro.com\/blog\/wp-content\/uploads\/2019\/02\/Finnland-Minusgrade-Continental-Dreh-scaled-1152x1536.jpg 1152w, https:\/\/www.camforpro.com\/blog\/wp-content\/uploads\/2019\/02\/Finnland-Minusgrade-Continental-Dreh-scaled-1536x2048.jpg 1536w, https:\/\/www.camforpro.com\/blog\/wp-content\/uploads\/2019\/02\/Finnland-Minusgrade-Continental-Dreh-scaled.jpg 1920w\" sizes=\"(max-width: 768px) 100vw, 768px\" \/>\n\t\t\t<\/div>\n\t\t\t\t<figcaption class='wp-caption-text gallery-caption' id='gallery-1-6361'>\n\t\t\t\tBeweisfoto!\n\t\t\t\t<\/figcaption><\/figure>\n\t\t<\/div>\n\n","protected":false},"excerpt":{"rendered":"<p>Im Auftrag einer Produktion der Continental AG startete das camforpro Produktionsteam vergangenen Monat zu einem Dreh, bei dem man sich sprichw\u00f6rtlich warm anziehen musste. Auf einer Teststrecke in Kuusamo, Finnland, entstand der Clip zum neuen Continental IceContact 3 Reifen. Unser Team steuerte die GoPro Aufnahmen zum Clip bei. Der unter Wintersportlern beliebte Ort liegt nahe [&hellip;]<\/p>\n","protected":false},"author":6,"featured_media":6352,"comment_status":"open","ping_status":"open","sticky":false,"template":"","format":"standard","meta":[],"categories":[1,2],"tags":[697,698],"yoast_head":"<!-- This site is optimized with the Yoast SEO plugin v18.4.1 - https:\/\/yoast.com\/wordpress\/plugins\/seo\/ -->\n<title>Die Continental IceContact 3 Challenge in Finnland<\/title>\n<meta name=\"description\" content=\"Zum Launch des Continental IceContact 3 Winterreifen mit flexiblen Spikes gehen vier professionelle Fahrer in einer Challenge in Finnland an den Start. Die GoPro Aufnahmen zum Clip in stammen von camforpro Produktion.\" \/>\n<meta name=\"robots\" content=\"index, follow, max-snippet:-1, max-image-preview:large, max-video-preview:-1\" \/>\n<link rel=\"canonical\" href=\"https:\/\/www.camforpro.com\/blog\/continental-icecontact-3-challenge\/\" \/>\n<meta property=\"og:locale\" content=\"de_DE\" \/>\n<meta property=\"og:type\" content=\"article\" \/>\n<meta property=\"og:title\" content=\"Die Continental IceContact 3 Challenge in Finnland\" \/>\n<meta property=\"og:description\" content=\"Zum Launch des Continental IceContact 3 Winterreifen mit flexiblen Spikes gehen vier professionelle Fahrer in einer Challenge in Finnland an den Start. Die GoPro Aufnahmen zum Clip in stammen von camforpro Produktion.\" \/>\n<meta property=\"og:url\" content=\"https:\/\/www.camforpro.com\/blog\/continental-icecontact-3-challenge\/\" \/>\n<meta property=\"og:site_name\" content=\"camforpro Blog\" \/>\n<meta property=\"article:publisher\" content=\"http:\/\/www.facebook.com\/camforpro\/?fref=ts\" \/>\n<meta property=\"article:published_time\" content=\"2019-02-13T14:10:24+00:00\" \/>\n<meta property=\"article:modified_time\" content=\"2019-02-13T15:11:04+00:00\" \/>\n<meta property=\"og:image\" content=\"https:\/\/www.camforpro.com\/blog\/wp-content\/uploads\/2019\/02\/Teaser-v1.70.jpg\" \/>\n\t<meta property=\"og:image:width\" content=\"1200\" \/>\n\t<meta property=\"og:image:height\" content=\"382\" \/>\n\t<meta property=\"og:image:type\" content=\"image\/jpeg\" \/>\n<meta name=\"twitter:card\" content=\"summary\" \/>\n<meta name=\"twitter:label1\" content=\"Verfasst von\" \/>\n\t<meta name=\"twitter:data1\" content=\"Stephan\" \/>\n\t<meta name=\"twitter:label2\" content=\"Gesch\u00e4tzte Lesezeit\" \/>\n\t<meta name=\"twitter:data2\" content=\"1\u00a0Minute\" \/>\n<script type=\"application\/ld+json\" class=\"yoast-schema-graph\">{\"@context\":\"https:\/\/schema.org\",\"@graph\":[{\"@type\":\"WebSite\",\"@id\":\"https:\/\/www.camforpro.com\/blog\/#website\",\"url\":\"https:\/\/www.camforpro.com\/blog\/\",\"name\":\"camforpro Blog\",\"description\":\"\",\"potentialAction\":[{\"@type\":\"SearchAction\",\"target\":{\"@type\":\"EntryPoint\",\"urlTemplate\":\"https:\/\/www.camforpro.com\/blog\/?s={search_term_string}\"},\"query-input\":\"required name=search_term_string\"}],\"inLanguage\":\"de\"},{\"@type\":\"ImageObject\",\"@id\":\"https:\/\/www.camforpro.com\/blog\/continental-icecontact-3-challenge\/#primaryimage\",\"inLanguage\":\"de\",\"url\":\"https:\/\/www.camforpro.com\/blog\/wp-content\/uploads\/2019\/02\/Teaser-v1.70.jpg\",\"contentUrl\":\"https:\/\/www.camforpro.com\/blog\/wp-content\/uploads\/2019\/02\/Teaser-v1.70.jpg\",\"width\":1200,\"height\":382,\"caption\":\"camforpro produziert GoPro Aufnahmen f\u00fcr Continental Clip in Finnland\"},{\"@type\":\"WebPage\",\"@id\":\"https:\/\/www.camforpro.com\/blog\/continental-icecontact-3-challenge\/#webpage\",\"url\":\"https:\/\/www.camforpro.com\/blog\/continental-icecontact-3-challenge\/\",\"name\":\"Die Continental IceContact 3 Challenge in Finnland\",\"isPartOf\":{\"@id\":\"https:\/\/www.camforpro.com\/blog\/#website\"},\"primaryImageOfPage\":{\"@id\":\"https:\/\/www.camforpro.com\/blog\/continental-icecontact-3-challenge\/#primaryimage\"},\"datePublished\":\"2019-02-13T14:10:24+00:00\",\"dateModified\":\"2019-02-13T15:11:04+00:00\",\"author\":{\"@id\":\"https:\/\/www.camforpro.com\/blog\/#\/schema\/person\/0b52bbaa8958b13d67074892c080680d\"},\"description\":\"Zum Launch des Continental IceContact 3 Winterreifen mit flexiblen Spikes gehen vier professionelle Fahrer in einer Challenge in Finnland an den Start. Die GoPro Aufnahmen zum Clip in stammen von camforpro Produktion.\",\"breadcrumb\":{\"@id\":\"https:\/\/www.camforpro.com\/blog\/continental-icecontact-3-challenge\/#breadcrumb\"},\"inLanguage\":\"de\",\"potentialAction\":[{\"@type\":\"ReadAction\",\"target\":[\"https:\/\/www.camforpro.com\/blog\/continental-icecontact-3-challenge\/\"]}]},{\"@type\":\"BreadcrumbList\",\"@id\":\"https:\/\/www.camforpro.com\/blog\/continental-icecontact-3-challenge\/#breadcrumb\",\"itemListElement\":[{\"@type\":\"ListItem\",\"position\":1,\"name\":\"Home\",\"item\":\"https:\/\/www.camforpro.com\/blog\/\"},{\"@type\":\"ListItem\",\"position\":2,\"name\":\"Eiskalt abgeliefert: camforpro Produktion steuert GoPro Aufnahmen f\u00fcr neuen Continental Winterreifen bei\"}]},{\"@type\":\"Person\",\"@id\":\"https:\/\/www.camforpro.com\/blog\/#\/schema\/person\/0b52bbaa8958b13d67074892c080680d\",\"name\":\"Stephan\",\"image\":{\"@type\":\"ImageObject\",\"@id\":\"https:\/\/www.camforpro.com\/blog\/#personlogo\",\"inLanguage\":\"de\",\"url\":\"https:\/\/secure.gravatar.com\/avatar\/7713bcb4f818cc58c5f4037663fb0cd3?s=96&d=mm&r=g\",\"contentUrl\":\"https:\/\/secure.gravatar.com\/avatar\/7713bcb4f818cc58c5f4037663fb0cd3?s=96&d=mm&r=g\",\"caption\":\"Stephan\"},\"url\":\"https:\/\/www.camforpro.com\/blog\/author\/stephan\/\"}]}<\/script>\n<!-- \/ Yoast SEO plugin. -->","yoast_head_json":{"title":"Die Continental IceContact 3 Challenge in Finnland","description":"Zum Launch des Continental IceContact 3 Winterreifen mit flexiblen Spikes gehen vier professionelle Fahrer in einer Challenge in Finnland an den Start. Die GoPro Aufnahmen zum Clip in stammen von camforpro Produktion.","robots":{"index":"index","follow":"follow","max-snippet":"max-snippet:-1","max-image-preview":"max-image-preview:large","max-video-preview":"max-video-preview:-1"},"canonical":"https:\/\/www.camforpro.com\/blog\/continental-icecontact-3-challenge\/","og_locale":"de_DE","og_type":"article","og_title":"Die Continental IceContact 3 Challenge in Finnland","og_description":"Zum Launch des Continental IceContact 3 Winterreifen mit flexiblen Spikes gehen vier professionelle Fahrer in einer Challenge in Finnland an den Start. Die GoPro Aufnahmen zum Clip in stammen von camforpro Produktion.","og_url":"https:\/\/www.camforpro.com\/blog\/continental-icecontact-3-challenge\/","og_site_name":"camforpro Blog","article_publisher":"http:\/\/www.facebook.com\/camforpro\/?fref=ts","article_published_time":"2019-02-13T14:10:24+00:00","article_modified_time":"2019-02-13T15:11:04+00:00","og_image":[{"width":1200,"height":382,"url":"https:\/\/www.camforpro.com\/blog\/wp-content\/uploads\/2019\/02\/Teaser-v1.70.jpg","type":"image\/jpeg"}],"twitter_card":"summary","twitter_misc":{"Verfasst von":"Stephan","Gesch\u00e4tzte Lesezeit":"1\u00a0Minute"},"schema":{"@context":"https:\/\/schema.org","@graph":[{"@type":"WebSite","@id":"https:\/\/www.camforpro.com\/blog\/#website","url":"https:\/\/www.camforpro.com\/blog\/","name":"camforpro Blog","description":"","potentialAction":[{"@type":"SearchAction","target":{"@type":"EntryPoint","urlTemplate":"https:\/\/www.camforpro.com\/blog\/?s={search_term_string}"},"query-input":"required name=search_term_string"}],"inLanguage":"de"},{"@type":"ImageObject","@id":"https:\/\/www.camforpro.com\/blog\/continental-icecontact-3-challenge\/#primaryimage","inLanguage":"de","url":"https:\/\/www.camforpro.com\/blog\/wp-content\/uploads\/2019\/02\/Teaser-v1.70.jpg","contentUrl":"https:\/\/www.camforpro.com\/blog\/wp-content\/uploads\/2019\/02\/Teaser-v1.70.jpg","width":1200,"height":382,"caption":"camforpro produziert GoPro Aufnahmen f\u00fcr Continental Clip in Finnland"},{"@type":"WebPage","@id":"https:\/\/www.camforpro.com\/blog\/continental-icecontact-3-challenge\/#webpage","url":"https:\/\/www.camforpro.com\/blog\/continental-icecontact-3-challenge\/","name":"Die Continental IceContact 3 Challenge in Finnland","isPartOf":{"@id":"https:\/\/www.camforpro.com\/blog\/#website"},"primaryImageOfPage":{"@id":"https:\/\/www.camforpro.com\/blog\/continental-icecontact-3-challenge\/#primaryimage"},"datePublished":"2019-02-13T14:10:24+00:00","dateModified":"2019-02-13T15:11:04+00:00","author":{"@id":"https:\/\/www.camforpro.com\/blog\/#\/schema\/person\/0b52bbaa8958b13d67074892c080680d"},"description":"Zum Launch des Continental IceContact 3 Winterreifen mit flexiblen Spikes gehen vier professionelle Fahrer in einer Challenge in Finnland an den Start. Die GoPro Aufnahmen zum Clip in stammen von camforpro Produktion.","breadcrumb":{"@id":"https:\/\/www.camforpro.com\/blog\/continental-icecontact-3-challenge\/#breadcrumb"},"inLanguage":"de","potentialAction":[{"@type":"ReadAction","target":["https:\/\/www.camforpro.com\/blog\/continental-icecontact-3-challenge\/"]}]},{"@type":"BreadcrumbList","@id":"https:\/\/www.camforpro.com\/blog\/continental-icecontact-3-challenge\/#breadcrumb","itemListElement":[{"@type":"ListItem","position":1,"name":"Home","item":"https:\/\/www.camforpro.com\/blog\/"},{"@type":"ListItem","position":2,"name":"Eiskalt abgeliefert: camforpro Produktion steuert GoPro Aufnahmen f\u00fcr neuen Continental Winterreifen bei"}]},{"@type":"Person","@id":"https:\/\/www.camforpro.com\/blog\/#\/schema\/person\/0b52bbaa8958b13d67074892c080680d","name":"Stephan","image":{"@type":"ImageObject","@id":"https:\/\/www.camforpro.com\/blog\/#personlogo","inLanguage":"de","url":"https:\/\/secure.gravatar.com\/avatar\/7713bcb4f818cc58c5f4037663fb0cd3?s=96&d=mm&r=g","contentUrl":"https:\/\/secure.gravatar.com\/avatar\/7713bcb4f818cc58c5f4037663fb0cd3?s=96&d=mm&r=g","caption":"Stephan"},"url":"https:\/\/www.camforpro.com\/blog\/author\/stephan\/"}]}},"_links":{"self":[{"href":"https:\/\/www.camforpro.com\/blog\/wp-json\/wp\/v2\/posts\/6308"}],"collection":[{"href":"https:\/\/www.camforpro.com\/blog\/wp-json\/wp\/v2\/posts"}],"about":[{"href":"https:\/\/www.camforpro.com\/blog\/wp-json\/wp\/v2\/types\/post"}],"author":[{"embeddable":true,"href":"https:\/\/www.camforpro.com\/blog\/wp-json\/wp\/v2\/users\/6"}],"replies":[{"embeddable":true,"href":"https:\/\/www.camforpro.com\/blog\/wp-json\/wp\/v2\/comments?post=6308"}],"version-history":[{"count":49,"href":"https:\/\/www.camforpro.com\/blog\/wp-json\/wp\/v2\/posts\/6308\/revisions"}],"predecessor-version":[{"id":6378,"href":"https:\/\/www.camforpro.com\/blog\/wp-json\/wp\/v2\/posts\/6308\/revisions\/6378"}],"wp:featuredmedia":[{"embeddable":true,"href":"https:\/\/www.camforpro.com\/blog\/wp-json\/wp\/v2\/media\/6352"}],"wp:attachment":[{"href":"https:\/\/www.camforpro.com\/blog\/wp-json\/wp\/v2\/media?parent=6308"}],"wp:term":[{"taxonomy":"category","embeddable":true,"href":"https:\/\/www.camforpro.com\/blog\/wp-json\/wp\/v2\/categories?post=6308"},{"taxonomy":"post_tag","embeddable":true,"href":"https:\/\/www.camforpro.com\/blog\/wp-json\/wp\/v2\/tags?post=6308"}],"curies":[{"name":"wp","href":"https:\/\/api.w.org\/{rel}","templated":true}]}}