{"id":5827,"date":"2018-09-13T13:50:26","date_gmt":"2018-09-13T11:50:26","guid":{"rendered":"https:\/\/www.camforpro.com\/blog\/?p=5827"},"modified":"2018-09-26T17:38:13","modified_gmt":"2018-09-26T15:38:13","slug":"grosser-lagerverkauf-am-29-09-18","status":"publish","type":"post","link":"https:\/\/www.camforpro.com\/blog\/grosser-lagerverkauf-am-29-09-18\/","title":{"rendered":"camforpro wird 10! Kick-Off mit gro\u00dfem Lagerverkauf am 29.09.18"},"content":{"rendered":"<p style=\"text-align: left;\"><em>camforpro wird 10 und l\u00e4sst mit euch die Korken knallen! Zu unserem runden Geburtstag gibt es nicht nur ein St\u00e4ndchen und ordentlich Torte, sondern auch ein ganz besonderes Event: Unseren <strong>GROSSEN LAGERVERKAUF am Samstag, dem 29.09.2018<br \/>\n<\/strong>Also keine Sorge, wir haben weder den gro\u00dfen Fr\u00fchjahrputz verschlafen noch einen Putzfimmel entwickelt, sondern m\u00f6chten gemeinsam mit euch unser Jubil\u00e4um mit einem Shopping-Erlebnis der ganz besonderen Art einl\u00e4uten. Zeitgleich noch das Lager auf Vordermann bringen? Ein tolles Geschenk!<\/em><\/p>\n<p><img loading=\"lazy\" class=\"wp-image-5980 alignright\" src=\"https:\/\/www.camforpro.com\/blog\/wp-content\/uploads\/2018\/09\/banner_615x350_HERO7_Lagerverkauf_v01.jpg\" alt=\"camforpro feiert 10 Jahre mit gro\u00dfem Lagerverkauf\" width=\"337\" height=\"192\" srcset=\"https:\/\/www.camforpro.com\/blog\/wp-content\/uploads\/2018\/09\/banner_615x350_HERO7_Lagerverkauf_v01.jpg 615w, https:\/\/www.camforpro.com\/blog\/wp-content\/uploads\/2018\/09\/banner_615x350_HERO7_Lagerverkauf_v01-300x171.jpg 300w\" sizes=\"(max-width: 337px) 100vw, 337px\" \/><\/p>\n<p>Die Idee zu einem Verkaufsevent im Lager mit echten Schnappern und Aktionen schwirrt schon lange als Idee in unseren K\u00f6pfen herum \u2013 p\u00fcnktlich zum 10j\u00e4hrigen Jubil\u00e4um ist es nun soweit!<br \/>\nWir l\u00e4uten die gro\u00dfe Geburtstagssause ein und feiern mit euch weiter bis in den Herbst hinein mit spannenden Aktionen, Specials und einem einmaligen Gewinnspiel. Mehr wird noch nicht verraten, es geht schlie\u00dflich nichts \u00fcber echte Geburtstags\u00fcberraschungen. Also <strong>Spotlight<\/strong> zun\u00e4chst auf unseren gro\u00dfen Lagerverkauf!<\/p>\n<h4><strong>Satte Rabatte<\/strong><\/h4>\n<p>Von <strong>10 \u2013 18 Uhr<\/strong> k\u00f6nnt ihr im <strong>Fuhrbleek 46 in 30916 Isernhagen<\/strong> nach Herzenslust shoppen. Es erwarten euch jede Menge Schn\u00e4ppchen aus nahezu allen Kategorien, insbesondere aus unserem umfassenden Zubeh\u00f6r-Sortiment.<br \/>\nDazu kommt eine Vielzahl von Einzelst\u00fccken, Produkten mit defekten Verpackungen oder Vorf\u00fchrger\u00e4te. Auch bei <em>ausgesuchter<\/em> Neuware d\u00fcrft ihr teils mit satten Rabatten rechnen.<\/p>\n<p><img loading=\"lazy\" class=\"wp-image-5942 alignright\" src=\"https:\/\/www.camforpro.com\/blog\/wp-content\/uploads\/2018\/09\/Flyerbox-002.jpg\" alt=\"Rabatte und Aktionen beim camforpro Lagerverkauf f\u00fcr GoPro, Drohne und Zubeh\u00f6r\" width=\"253\" height=\"253\" srcset=\"https:\/\/www.camforpro.com\/blog\/wp-content\/uploads\/2018\/09\/Flyerbox-002.jpg 1000w, https:\/\/www.camforpro.com\/blog\/wp-content\/uploads\/2018\/09\/Flyerbox-002-300x300.jpg 300w, https:\/\/www.camforpro.com\/blog\/wp-content\/uploads\/2018\/09\/Flyerbox-002-768x768.jpg 768w, https:\/\/www.camforpro.com\/blog\/wp-content\/uploads\/2018\/09\/Flyerbox-002-480x480.jpg 480w\" sizes=\"(max-width: 253px) 100vw, 253px\" \/><\/p>\n<p>F\u00fcr euer Wohl wird mit lecker W\u00fcrstchen und Getr\u00e4nken gesorgt, Event-Stimmung inklusive.<\/p>\n<h4><strong>Shopping und Mehr<\/strong><\/h4>\n<p>Nat\u00fcrlich k\u00f6nnt ihr an diesem Tag auch ganz entspannt aus unserem Standardsortiment shoppen. Vielleicht gibt es ja das ein oder andere Produkt, welches Du vor dem Kauf unbedingt live sehen musst? M\u00f6chtest einfach mal nach Herzenslust durch das Sortiment st\u00f6bern? Es ist f\u00fcr jeden etwas dabei.<\/p>\n<p>Wir freuen uns zudem auf die ein oder andere coole Aktion und k\u00f6nnen an dieser Stelle schon mal ein <strong>UPDATE <\/strong>geben:<strong><br \/>\n<\/strong><\/p>\n<p>Rabatte auf nicht reduzierte Ware (ausgenommen: GoPro HERO7) k\u00f6nnt ihr euch erspielen!<\/p>\n<div class=\"embed-container\"><iframe src=\"https:\/\/www.youtube.com\/embed\/61A9U6o5y4I\" width=\"300\" height=\"150\" frameborder=\"0\" allowfullscreen=\"allowfullscreen\"><\/iframe><\/div>\n<div><\/div>\n<p style=\"text-align: left;\">Beim klassischen Dosen-Werfen werden die Dosen kurzerhand durch<strong> 10 GoPro-Kameras<\/strong> ersetzt. Diese stammen aus Alt-Best\u00e4nden, sind zumeist defekt und bei uns liebevoll als &#8220;Dummy&#8221; gebrandet. Im Selbstversuch haben wir gesehen: Das geht hervorragend und macht richtig Spa\u00df! Geworfen wird ebenfalls mit einer GoPro, pro Person ein Wurf. Jede getroffene Kamera bringt euch ein sattes Prozent, 10% Gesamt-Rabatt sind damit drin!<\/p>\n<p>Als besonderes Hightlight haben wir zudem Micha Threin und seine einzigartige<br \/>\n<strong>Wheelie Machine<\/strong> vor Ort. Der Ducati Profi-Fahrer zeigt euch beeindruckende Dauer-Wheelies auf der von ihm entwickelten Konstruktion, das Beste aber: Ihr d\u00fcrft nat\u00fcrlich auch selber ran!<\/p>\n<p><img loading=\"lazy\" class=\"wp-image-5919 aligncenter\" src=\"https:\/\/www.camforpro.com\/blog\/wp-content\/uploads\/2018\/09\/Threin-New.jpg\" alt=\"camforpro Lagerverkauf mit Wheelie Machine\" width=\"406\" height=\"241\" srcset=\"https:\/\/www.camforpro.com\/blog\/wp-content\/uploads\/2018\/09\/Threin-New.jpg 888w, https:\/\/www.camforpro.com\/blog\/wp-content\/uploads\/2018\/09\/Threin-New-300x178.jpg 300w, https:\/\/www.camforpro.com\/blog\/wp-content\/uploads\/2018\/09\/Threin-New-768x457.jpg 768w\" sizes=\"(max-width: 406px) 100vw, 406px\" \/><\/p>\n<p>Last but not least erwarten wir einen ganz besonderen Gast aus dem Hause GoPro. Dieser springt zwar nicht aus der Torte, wird aber bereits sehns\u00fcchtig erwartet. Weltweit. Mit Spannung. <strong>Taaadaaa!<\/strong> <strong>Trommelwirbel!\u00a0 <\/strong>Wie ihr nat\u00fcrlich l\u00e4ngst wisst, wurde das Geheimnis um unseren Special Guest bereits gel\u00fcftet: Die neue <a href=\"https:\/\/www.camforpro.com\/goprohero7\" target=\"_blank\" rel=\"noopener\">GoPro HERO7 <\/a>ist da!<\/p>\n<p>Beim gro\u00dfen Lagerverkauf k\u00f6nnt ihr das neue Topmodell aus dem Hause GoPro nach Herzenlust bestaunen, ausprobieren, testen und selbstverst\u00e4ndlich auch kaufen!<\/p>\n<p>Also, um zahlreiches Erscheinen wird gebeten, wir freuen uns auf euch!<\/p>\n<p>Samstag, <strong>29.09.18<\/strong> \/\/ <strong>10-18<\/strong> <strong>Uhr<\/strong> \/\/ Fuhrbleek 46 \/\/ 30916 Isernhagen<\/p>\n<p>Check das Event auch gleich auf <a href=\"https:\/\/www.facebook.com\/events\/911726425693976\/\" target=\"_blank\" rel=\"noopener\">FACEBOOK<\/a> <a href=\"https:\/\/www.facebook.com\/events\/911726425693976\/\"><img loading=\"lazy\" class=\"alignleft wp-image-5960 size-full\" src=\"https:\/\/www.camforpro.com\/blog\/wp-content\/uploads\/2018\/09\/200px-Bot\u00f3n_Me_gusta.svg_.png\" alt=\"camforpro Lagerverkauf bei Facebook liken\" width=\"200\" height=\"171\" \/><\/a>und lass uns wissen, ob Du dabei bist!<\/p>\n<p>&nbsp;<\/p>\n","protected":false},"excerpt":{"rendered":"<p>camforpro wird 10 und l\u00e4sst mit euch die Korken knallen! Zu unserem runden Geburtstag gibt es nicht nur ein St\u00e4ndchen und ordentlich Torte, sondern auch ein ganz besonderes Event: Unseren GROSSEN LAGERVERKAUF am Samstag, dem 29.09.2018 Also keine Sorge, wir haben weder den gro\u00dfen Fr\u00fchjahrputz verschlafen noch einen Putzfimmel entwickelt, sondern m\u00f6chten gemeinsam mit euch [&hellip;]<\/p>\n","protected":false},"author":4,"featured_media":5984,"comment_status":"open","ping_status":"open","sticky":false,"template":"","format":"standard","meta":[],"categories":[1,2],"tags":[666],"yoast_head":"<!-- This site is optimized with the Yoast SEO plugin v18.4.1 - https:\/\/yoast.com\/wordpress\/plugins\/seo\/ -->\n<title>camforpro wird 10! Kick-Off mit gro\u00dfem Lagerverkauf am 29.09.18 - camforpro Blog<\/title>\n<meta name=\"robots\" content=\"index, follow, max-snippet:-1, max-image-preview:large, max-video-preview:-1\" \/>\n<link rel=\"canonical\" href=\"https:\/\/www.camforpro.com\/blog\/grosser-lagerverkauf-am-29-09-18\/\" \/>\n<meta property=\"og:locale\" content=\"de_DE\" \/>\n<meta property=\"og:type\" content=\"article\" \/>\n<meta property=\"og:title\" content=\"camforpro wird 10! Kick-Off mit gro\u00dfem Lagerverkauf am 29.09.18 - camforpro Blog\" \/>\n<meta property=\"og:description\" content=\"camforpro wird 10 und l\u00e4sst mit euch die Korken knallen! Zu unserem runden Geburtstag gibt es nicht nur ein St\u00e4ndchen und ordentlich Torte, sondern auch ein ganz besonderes Event: Unseren GROSSEN LAGERVERKAUF am Samstag, dem 29.09.2018 Also keine Sorge, wir haben weder den gro\u00dfen Fr\u00fchjahrputz verschlafen noch einen Putzfimmel entwickelt, sondern m\u00f6chten gemeinsam mit euch [&hellip;]\" \/>\n<meta property=\"og:url\" content=\"https:\/\/www.camforpro.com\/blog\/grosser-lagerverkauf-am-29-09-18\/\" \/>\n<meta property=\"og:site_name\" content=\"camforpro Blog\" \/>\n<meta property=\"article:publisher\" content=\"http:\/\/www.facebook.com\/camforpro\/?fref=ts\" \/>\n<meta property=\"article:published_time\" content=\"2018-09-13T11:50:26+00:00\" \/>\n<meta property=\"article:modified_time\" content=\"2018-09-26T15:38:13+00:00\" \/>\n<meta property=\"og:image\" content=\"https:\/\/www.camforpro.com\/blog\/wp-content\/uploads\/2018\/09\/banner_1260x350_Lagerverkauf_v01.jpg\" \/>\n\t<meta property=\"og:image:width\" content=\"1260\" \/>\n\t<meta property=\"og:image:height\" content=\"350\" \/>\n\t<meta property=\"og:image:type\" content=\"image\/jpeg\" \/>\n<meta name=\"twitter:card\" content=\"summary\" \/>\n<meta name=\"twitter:label1\" content=\"Verfasst von\" \/>\n\t<meta name=\"twitter:data1\" content=\"Nina\" \/>\n\t<meta name=\"twitter:label2\" content=\"Gesch\u00e4tzte Lesezeit\" \/>\n\t<meta name=\"twitter:data2\" content=\"3\u00a0Minuten\" \/>\n<script type=\"application\/ld+json\" class=\"yoast-schema-graph\">{\"@context\":\"https:\/\/schema.org\",\"@graph\":[{\"@type\":\"WebSite\",\"@id\":\"https:\/\/www.camforpro.com\/blog\/#website\",\"url\":\"https:\/\/www.camforpro.com\/blog\/\",\"name\":\"camforpro Blog\",\"description\":\"\",\"potentialAction\":[{\"@type\":\"SearchAction\",\"target\":{\"@type\":\"EntryPoint\",\"urlTemplate\":\"https:\/\/www.camforpro.com\/blog\/?s={search_term_string}\"},\"query-input\":\"required name=search_term_string\"}],\"inLanguage\":\"de\"},{\"@type\":\"ImageObject\",\"@id\":\"https:\/\/www.camforpro.com\/blog\/grosser-lagerverkauf-am-29-09-18\/#primaryimage\",\"inLanguage\":\"de\",\"url\":\"https:\/\/www.camforpro.com\/blog\/wp-content\/uploads\/2018\/09\/banner_1260x350_Lagerverkauf_v01.jpg\",\"contentUrl\":\"https:\/\/www.camforpro.com\/blog\/wp-content\/uploads\/2018\/09\/banner_1260x350_Lagerverkauf_v01.jpg\",\"width\":1260,\"height\":350,\"caption\":\"Rabatte, Aktionen sowie die neue GoPro HERO7 beim camforpro Lagerverkauf\"},{\"@type\":\"WebPage\",\"@id\":\"https:\/\/www.camforpro.com\/blog\/grosser-lagerverkauf-am-29-09-18\/#webpage\",\"url\":\"https:\/\/www.camforpro.com\/blog\/grosser-lagerverkauf-am-29-09-18\/\",\"name\":\"camforpro wird 10! Kick-Off mit gro\u00dfem Lagerverkauf am 29.09.18 - camforpro Blog\",\"isPartOf\":{\"@id\":\"https:\/\/www.camforpro.com\/blog\/#website\"},\"primaryImageOfPage\":{\"@id\":\"https:\/\/www.camforpro.com\/blog\/grosser-lagerverkauf-am-29-09-18\/#primaryimage\"},\"datePublished\":\"2018-09-13T11:50:26+00:00\",\"dateModified\":\"2018-09-26T15:38:13+00:00\",\"author\":{\"@id\":\"https:\/\/www.camforpro.com\/blog\/#\/schema\/person\/4b7205de4bc825fea14712a118bae244\"},\"breadcrumb\":{\"@id\":\"https:\/\/www.camforpro.com\/blog\/grosser-lagerverkauf-am-29-09-18\/#breadcrumb\"},\"inLanguage\":\"de\",\"potentialAction\":[{\"@type\":\"ReadAction\",\"target\":[\"https:\/\/www.camforpro.com\/blog\/grosser-lagerverkauf-am-29-09-18\/\"]}]},{\"@type\":\"BreadcrumbList\",\"@id\":\"https:\/\/www.camforpro.com\/blog\/grosser-lagerverkauf-am-29-09-18\/#breadcrumb\",\"itemListElement\":[{\"@type\":\"ListItem\",\"position\":1,\"name\":\"Home\",\"item\":\"https:\/\/www.camforpro.com\/blog\/\"},{\"@type\":\"ListItem\",\"position\":2,\"name\":\"camforpro wird 10! Kick-Off mit gro\u00dfem Lagerverkauf am 29.09.18\"}]},{\"@type\":\"Person\",\"@id\":\"https:\/\/www.camforpro.com\/blog\/#\/schema\/person\/4b7205de4bc825fea14712a118bae244\",\"name\":\"Nina\",\"image\":{\"@type\":\"ImageObject\",\"@id\":\"https:\/\/www.camforpro.com\/blog\/#personlogo\",\"inLanguage\":\"de\",\"url\":\"https:\/\/secure.gravatar.com\/avatar\/348e6632a71ae66b517a24fbaf840d9c?s=96&d=mm&r=g\",\"contentUrl\":\"https:\/\/secure.gravatar.com\/avatar\/348e6632a71ae66b517a24fbaf840d9c?s=96&d=mm&r=g\",\"caption\":\"Nina\"},\"url\":\"https:\/\/www.camforpro.com\/blog\/author\/nina\/\"}]}<\/script>\n<!-- \/ Yoast SEO plugin. -->","yoast_head_json":{"title":"camforpro wird 10! Kick-Off mit gro\u00dfem Lagerverkauf am 29.09.18 - camforpro Blog","robots":{"index":"index","follow":"follow","max-snippet":"max-snippet:-1","max-image-preview":"max-image-preview:large","max-video-preview":"max-video-preview:-1"},"canonical":"https:\/\/www.camforpro.com\/blog\/grosser-lagerverkauf-am-29-09-18\/","og_locale":"de_DE","og_type":"article","og_title":"camforpro wird 10! Kick-Off mit gro\u00dfem Lagerverkauf am 29.09.18 - camforpro Blog","og_description":"camforpro wird 10 und l\u00e4sst mit euch die Korken knallen! Zu unserem runden Geburtstag gibt es nicht nur ein St\u00e4ndchen und ordentlich Torte, sondern auch ein ganz besonderes Event: Unseren GROSSEN LAGERVERKAUF am Samstag, dem 29.09.2018 Also keine Sorge, wir haben weder den gro\u00dfen Fr\u00fchjahrputz verschlafen noch einen Putzfimmel entwickelt, sondern m\u00f6chten gemeinsam mit euch [&hellip;]","og_url":"https:\/\/www.camforpro.com\/blog\/grosser-lagerverkauf-am-29-09-18\/","og_site_name":"camforpro Blog","article_publisher":"http:\/\/www.facebook.com\/camforpro\/?fref=ts","article_published_time":"2018-09-13T11:50:26+00:00","article_modified_time":"2018-09-26T15:38:13+00:00","og_image":[{"width":1260,"height":350,"url":"https:\/\/www.camforpro.com\/blog\/wp-content\/uploads\/2018\/09\/banner_1260x350_Lagerverkauf_v01.jpg","type":"image\/jpeg"}],"twitter_card":"summary","twitter_misc":{"Verfasst von":"Nina","Gesch\u00e4tzte Lesezeit":"3\u00a0Minuten"},"schema":{"@context":"https:\/\/schema.org","@graph":[{"@type":"WebSite","@id":"https:\/\/www.camforpro.com\/blog\/#website","url":"https:\/\/www.camforpro.com\/blog\/","name":"camforpro Blog","description":"","potentialAction":[{"@type":"SearchAction","target":{"@type":"EntryPoint","urlTemplate":"https:\/\/www.camforpro.com\/blog\/?s={search_term_string}"},"query-input":"required name=search_term_string"}],"inLanguage":"de"},{"@type":"ImageObject","@id":"https:\/\/www.camforpro.com\/blog\/grosser-lagerverkauf-am-29-09-18\/#primaryimage","inLanguage":"de","url":"https:\/\/www.camforpro.com\/blog\/wp-content\/uploads\/2018\/09\/banner_1260x350_Lagerverkauf_v01.jpg","contentUrl":"https:\/\/www.camforpro.com\/blog\/wp-content\/uploads\/2018\/09\/banner_1260x350_Lagerverkauf_v01.jpg","width":1260,"height":350,"caption":"Rabatte, Aktionen sowie die neue GoPro HERO7 beim camforpro Lagerverkauf"},{"@type":"WebPage","@id":"https:\/\/www.camforpro.com\/blog\/grosser-lagerverkauf-am-29-09-18\/#webpage","url":"https:\/\/www.camforpro.com\/blog\/grosser-lagerverkauf-am-29-09-18\/","name":"camforpro wird 10! Kick-Off mit gro\u00dfem Lagerverkauf am 29.09.18 - camforpro Blog","isPartOf":{"@id":"https:\/\/www.camforpro.com\/blog\/#website"},"primaryImageOfPage":{"@id":"https:\/\/www.camforpro.com\/blog\/grosser-lagerverkauf-am-29-09-18\/#primaryimage"},"datePublished":"2018-09-13T11:50:26+00:00","dateModified":"2018-09-26T15:38:13+00:00","author":{"@id":"https:\/\/www.camforpro.com\/blog\/#\/schema\/person\/4b7205de4bc825fea14712a118bae244"},"breadcrumb":{"@id":"https:\/\/www.camforpro.com\/blog\/grosser-lagerverkauf-am-29-09-18\/#breadcrumb"},"inLanguage":"de","potentialAction":[{"@type":"ReadAction","target":["https:\/\/www.camforpro.com\/blog\/grosser-lagerverkauf-am-29-09-18\/"]}]},{"@type":"BreadcrumbList","@id":"https:\/\/www.camforpro.com\/blog\/grosser-lagerverkauf-am-29-09-18\/#breadcrumb","itemListElement":[{"@type":"ListItem","position":1,"name":"Home","item":"https:\/\/www.camforpro.com\/blog\/"},{"@type":"ListItem","position":2,"name":"camforpro wird 10! Kick-Off mit gro\u00dfem Lagerverkauf am 29.09.18"}]},{"@type":"Person","@id":"https:\/\/www.camforpro.com\/blog\/#\/schema\/person\/4b7205de4bc825fea14712a118bae244","name":"Nina","image":{"@type":"ImageObject","@id":"https:\/\/www.camforpro.com\/blog\/#personlogo","inLanguage":"de","url":"https:\/\/secure.gravatar.com\/avatar\/348e6632a71ae66b517a24fbaf840d9c?s=96&d=mm&r=g","contentUrl":"https:\/\/secure.gravatar.com\/avatar\/348e6632a71ae66b517a24fbaf840d9c?s=96&d=mm&r=g","caption":"Nina"},"url":"https:\/\/www.camforpro.com\/blog\/author\/nina\/"}]}},"_links":{"self":[{"href":"https:\/\/www.camforpro.com\/blog\/wp-json\/wp\/v2\/posts\/5827"}],"collection":[{"href":"https:\/\/www.camforpro.com\/blog\/wp-json\/wp\/v2\/posts"}],"about":[{"href":"https:\/\/www.camforpro.com\/blog\/wp-json\/wp\/v2\/types\/post"}],"author":[{"embeddable":true,"href":"https:\/\/www.camforpro.com\/blog\/wp-json\/wp\/v2\/users\/4"}],"replies":[{"embeddable":true,"href":"https:\/\/www.camforpro.com\/blog\/wp-json\/wp\/v2\/comments?post=5827"}],"version-history":[{"count":81,"href":"https:\/\/www.camforpro.com\/blog\/wp-json\/wp\/v2\/posts\/5827\/revisions"}],"predecessor-version":[{"id":6017,"href":"https:\/\/www.camforpro.com\/blog\/wp-json\/wp\/v2\/posts\/5827\/revisions\/6017"}],"wp:featuredmedia":[{"embeddable":true,"href":"https:\/\/www.camforpro.com\/blog\/wp-json\/wp\/v2\/media\/5984"}],"wp:attachment":[{"href":"https:\/\/www.camforpro.com\/blog\/wp-json\/wp\/v2\/media?parent=5827"}],"wp:term":[{"taxonomy":"category","embeddable":true,"href":"https:\/\/www.camforpro.com\/blog\/wp-json\/wp\/v2\/categories?post=5827"},{"taxonomy":"post_tag","embeddable":true,"href":"https:\/\/www.camforpro.com\/blog\/wp-json\/wp\/v2\/tags?post=5827"}],"curies":[{"name":"wp","href":"https:\/\/api.w.org\/{rel}","templated":true}]}}