{"id":5519,"date":"2018-05-07T19:00:53","date_gmt":"2018-05-07T17:00:53","guid":{"rendered":"https:\/\/www.camforpro.com\/blog\/?p=5519"},"modified":"2020-02-19T18:36:31","modified_gmt":"2020-02-19T16:36:31","slug":"kaufmann-kauffrau-im-e-commerce","status":"publish","type":"post","link":"https:\/\/www.camforpro.com\/blog\/kaufmann-kauffrau-im-e-commerce\/","title":{"rendered":"Online-Handel kann man lernen! Zum 01.08.2018 als Kaufmann\/Kauffrau im E-Commerce bei camforpro durchstarten"},"content":{"rendered":"<p><em>Online ein- und verkaufen geh\u00f6rt l\u00e4ngst zu unserem Alltag. Auf einen eigenen Ausbildungsberuf hat die Branche allerdings lange gewartet. Ab dem <strong>01. August 2018<\/strong> geht der duale Ausbildungsberuf des\/der <strong>Kaufmann\/Kauffrau im E-Commerce<\/strong> an den Start. Die Ausbildung bietet eine moderne kaufm\u00e4nnische Qualifikation mit Ausrichtung auf digitale Gesch\u00e4ftsmodelle. Wir bei camforpro sind frisch f\u00fcr die neue Ausbildung eingetragen. In unserem Team wartet nun ein freier (Schreibtisch-) Platz gespannt auf unsere\/n erste\/n waschechte\/n\u00a0 E-Commerce Azubi\/ne.<br \/>\n<\/em><\/p>\n<figure id=\"attachment_5531\" aria-describedby=\"caption-attachment-5531\" style=\"width: 265px\" class=\"wp-caption alignleft\"><img loading=\"lazy\" class=\"wp-image-5531\" src=\"https:\/\/www.camforpro.com\/blog\/wp-content\/uploads\/2018\/05\/IMG_7397.jpg\" alt=\"camforpro hat einen Platz f\u00fcr eine\/n neue\/n Auszubildende\/n im E-Commerce frei\" width=\"265\" height=\"265\" \/><figcaption id=\"caption-attachment-5531\" class=\"wp-caption-text\">&#8230;Dein neuer Ausbildungsplatz?!<\/figcaption><\/figure>\n<p>Als gr\u00f6\u00dfter Online-Shop f\u00fcr GoPro, Drohne und Zubeh\u00f6r in Deutschland, \u00d6sterreich und der Schweiz sind wir nat\u00fcrlich schwer begeistert von der neuen Art der Ausbildung und stehen einem Lehrberuf im E-Commerce \u00e4u\u00dferst positiv gegen\u00fcber. Das Online-Business boomt und der digitale Wandel bringt neue Vertriebswege und Strategien mit sich. Wir als Unternehmen ben\u00f6tigen Fachkr\u00e4fte, die sich f\u00fcr diese neuen Wege begeistern, eine solide Basis besitzen und sich spezialisiert mit dem Online-Handel befassen.<\/p>\n<h4><\/h4>\n<h4><\/h4>\n<h4><\/h4>\n<h4><\/h4>\n<p>&nbsp;<\/p>\n<p>&nbsp;<\/p>\n<h4>Mehr Potential<\/h4>\n<p>Bis dato tummeln sich viele klassische B\u00fcrokaufm\u00e4nner und -Frauen, Betriebswirtschaftler und nat\u00fcrlich auch Quereinsteiger in unserer Branche. Das darf und soll nat\u00fcrlich auch so bleiben, denn das Online-Business ist innovativ und vielf\u00e4ltig. Ein solider Lehrberuf aber birgt gro\u00dfes Potenzial. Er kann Unternehmen und Auszubildenden mithilfe der Spezialisierung viele Vorteile verschaffen.<\/p>\n<h4>Neue Qualifikationen f\u00fcr digitale Welten<\/h4>\n<p>Das T\u00e4tigkeitsfeld des Kaufmann\/Kauffrau im E-Commerce erstreckt sich von der Besch\u00e4ftigung mit den Vertriebskan\u00e4len \u00fcber die Gestaltung von Online-Marketing und Kunden-Kommunikation bis hin zur Steuerung kaufm\u00e4nnischer Instrumente im E-Commerce. Die Ausbildungsdauer betr\u00e4gt drei Jahre. Bei der <a href=\"https:\/\/www.hannover.ihk.de\/\" target=\"_blank\" rel=\"noopener\">IHK Hannover<\/a> findest Du weitere Informationen zum neuen Ausbildungsberuf.<\/p>\n<h4>camforpro sucht den Super-Azubi! B\u00fcromanagement versus E-Commerce<\/h4>\n<figure id=\"attachment_5553\" aria-describedby=\"caption-attachment-5553\" style=\"width: 307px\" class=\"wp-caption alignleft\"><img loading=\"lazy\" class=\"wp-image-5553\" src=\"https:\/\/www.camforpro.com\/blog\/wp-content\/uploads\/2018\/05\/IMG_7398.jpg\" alt=\"Ausbildung bei camforpro zum Kaufmann\/-frau im E-Commerce\" width=\"307\" height=\"278\" srcset=\"https:\/\/www.camforpro.com\/blog\/wp-content\/uploads\/2018\/05\/IMG_7398.jpg 816w, https:\/\/www.camforpro.com\/blog\/wp-content\/uploads\/2018\/05\/IMG_7398-300x272.jpg 300w, https:\/\/www.camforpro.com\/blog\/wp-content\/uploads\/2018\/05\/IMG_7398-768x696.jpg 768w\" sizes=\"(max-width: 307px) 100vw, 307px\" \/><figcaption id=\"caption-attachment-5553\" class=\"wp-caption-text\">&#8230;Levi ist bereit f\u00fcr&#8217;s Azubi-Duell &#8211; und Du?<\/figcaption><\/figure>\n<p>Derzeit besch\u00e4ftigen wir bei uns einen Auszubildenden als Kaufmann f\u00fcr B\u00fcromanagement \u2013richtig, auch nicht gerade ein verstaubter Ausbildungsweg. Der Haken liegt jedoch woanders: Wie es sich f\u00fcr einen guten Auszubildenden geh\u00f6rt, erhebt Levi selbstverst\u00e4ndlich den Anspruch auf den \u201ebest Azubi ever\u201c bei camforpro. Dem Kaufmann\/Kauffrau im E-Commerce steht er absolut positiv gegen\u00fcber \u2013 ist aber bereit zu k\u00e4mpfen (lass Dich von seinem freundlichen L\u00e4cheln nicht t\u00e4uschen ?).<\/p>\n<p>Nimmst Du die augenzwinkernde Herausforderung an und wagst das Azubi-Duell? Lass uns wissen, warum gerade DU der\/die Richtige f\u00fcr den neuen Ausbildungsberuf bei uns bist und sende Deine aussagekr\u00e4ftige Bewerbung an Hr. Stephan Heins (<a href=\"mailto:bewerbung@camforpro.com\">bewerbung@camforpro.com<\/a>). In unserer Rubrik &#8220;Jobs&#8221; findest Du unser <a href=\"https:\/\/www.camforpro.com\/jobs\" target=\"_blank\" rel=\"noopener\">Ausbildungsplatzangebot<\/a> mit allen Details. Wir freuen uns auf Dich!<\/p>\n","protected":false},"excerpt":{"rendered":"<p>Online ein- und verkaufen geh\u00f6rt l\u00e4ngst zu unserem Alltag. Auf einen eigenen Ausbildungsberuf hat die Branche allerdings lange gewartet. Ab dem 01. August 2018 geht der duale Ausbildungsberuf des\/der Kaufmann\/Kauffrau im E-Commerce an den Start. Die Ausbildung bietet eine moderne kaufm\u00e4nnische Qualifikation mit Ausrichtung auf digitale Gesch\u00e4ftsmodelle. Wir bei camforpro sind frisch f\u00fcr die neue [&hellip;]<\/p>\n","protected":false},"author":8,"featured_media":5577,"comment_status":"open","ping_status":"open","sticky":false,"template":"","format":"standard","meta":[],"categories":[1,2],"tags":[646,645,644],"yoast_head":"<!-- This site is optimized with the Yoast SEO plugin v18.4.1 - https:\/\/yoast.com\/wordpress\/plugins\/seo\/ -->\n<title>camforpro sucht einen Kaufmann\/Kauffrau im E-Commerce<\/title>\n<meta name=\"description\" content=\"Die Ausbildung zum Kaufmann\/Kauffrau im E-Commerce ist brandneu und geht zum 01.08.2018 an den Start. camforpro sucht eine\/n Auszubildende\/n\" \/>\n<meta name=\"robots\" content=\"index, follow, max-snippet:-1, max-image-preview:large, max-video-preview:-1\" \/>\n<link rel=\"canonical\" href=\"https:\/\/www.camforpro.com\/blog\/kaufmann-kauffrau-im-e-commerce\/\" \/>\n<meta property=\"og:locale\" content=\"de_DE\" \/>\n<meta property=\"og:type\" content=\"article\" \/>\n<meta property=\"og:title\" content=\"camforpro sucht einen Kaufmann\/Kauffrau im E-Commerce\" \/>\n<meta property=\"og:description\" content=\"Die Ausbildung zum Kaufmann\/Kauffrau im E-Commerce ist brandneu und geht zum 01.08.2018 an den Start. camforpro sucht eine\/n Auszubildende\/n\" \/>\n<meta property=\"og:url\" content=\"https:\/\/www.camforpro.com\/blog\/kaufmann-kauffrau-im-e-commerce\/\" \/>\n<meta property=\"og:site_name\" content=\"camforpro Blog\" \/>\n<meta property=\"article:publisher\" content=\"http:\/\/www.facebook.com\/camforpro\/?fref=ts\" \/>\n<meta property=\"article:published_time\" content=\"2018-05-07T17:00:53+00:00\" \/>\n<meta property=\"article:modified_time\" content=\"2020-02-19T16:36:31+00:00\" \/>\n<meta property=\"og:image\" content=\"https:\/\/www.camforpro.com\/blog\/wp-content\/uploads\/2018\/05\/camforpro_Team_2.jpg\" \/>\n\t<meta property=\"og:image:width\" content=\"2480\" \/>\n\t<meta property=\"og:image:height\" content=\"1875\" \/>\n\t<meta property=\"og:image:type\" content=\"image\/jpeg\" \/>\n<meta name=\"twitter:card\" content=\"summary\" \/>\n<meta name=\"twitter:label1\" content=\"Verfasst von\" \/>\n\t<meta name=\"twitter:data1\" content=\"Malte\" \/>\n\t<meta name=\"twitter:label2\" content=\"Gesch\u00e4tzte Lesezeit\" \/>\n\t<meta name=\"twitter:data2\" content=\"2\u00a0Minuten\" \/>\n<script type=\"application\/ld+json\" class=\"yoast-schema-graph\">{\"@context\":\"https:\/\/schema.org\",\"@graph\":[{\"@type\":\"WebSite\",\"@id\":\"https:\/\/www.camforpro.com\/blog\/#website\",\"url\":\"https:\/\/www.camforpro.com\/blog\/\",\"name\":\"camforpro Blog\",\"description\":\"\",\"potentialAction\":[{\"@type\":\"SearchAction\",\"target\":{\"@type\":\"EntryPoint\",\"urlTemplate\":\"https:\/\/www.camforpro.com\/blog\/?s={search_term_string}\"},\"query-input\":\"required name=search_term_string\"}],\"inLanguage\":\"de\"},{\"@type\":\"ImageObject\",\"@id\":\"https:\/\/www.camforpro.com\/blog\/kaufmann-kauffrau-im-e-commerce\/#primaryimage\",\"inLanguage\":\"de\",\"url\":\"https:\/\/www.camforpro.com\/blog\/wp-content\/uploads\/2018\/05\/camforpro_Team_2.jpg\",\"contentUrl\":\"https:\/\/www.camforpro.com\/blog\/wp-content\/uploads\/2018\/05\/camforpro_Team_2.jpg\",\"width\":2480,\"height\":1875},{\"@type\":\"WebPage\",\"@id\":\"https:\/\/www.camforpro.com\/blog\/kaufmann-kauffrau-im-e-commerce\/#webpage\",\"url\":\"https:\/\/www.camforpro.com\/blog\/kaufmann-kauffrau-im-e-commerce\/\",\"name\":\"camforpro sucht einen Kaufmann\/Kauffrau im E-Commerce\",\"isPartOf\":{\"@id\":\"https:\/\/www.camforpro.com\/blog\/#website\"},\"primaryImageOfPage\":{\"@id\":\"https:\/\/www.camforpro.com\/blog\/kaufmann-kauffrau-im-e-commerce\/#primaryimage\"},\"datePublished\":\"2018-05-07T17:00:53+00:00\",\"dateModified\":\"2020-02-19T16:36:31+00:00\",\"author\":{\"@id\":\"https:\/\/www.camforpro.com\/blog\/#\/schema\/person\/2e58384de216df5b1b9e3af7c05ae992\"},\"description\":\"Die Ausbildung zum Kaufmann\/Kauffrau im E-Commerce ist brandneu und geht zum 01.08.2018 an den Start. camforpro sucht eine\/n Auszubildende\/n\",\"breadcrumb\":{\"@id\":\"https:\/\/www.camforpro.com\/blog\/kaufmann-kauffrau-im-e-commerce\/#breadcrumb\"},\"inLanguage\":\"de\",\"potentialAction\":[{\"@type\":\"ReadAction\",\"target\":[\"https:\/\/www.camforpro.com\/blog\/kaufmann-kauffrau-im-e-commerce\/\"]}]},{\"@type\":\"BreadcrumbList\",\"@id\":\"https:\/\/www.camforpro.com\/blog\/kaufmann-kauffrau-im-e-commerce\/#breadcrumb\",\"itemListElement\":[{\"@type\":\"ListItem\",\"position\":1,\"name\":\"Home\",\"item\":\"https:\/\/www.camforpro.com\/blog\/\"},{\"@type\":\"ListItem\",\"position\":2,\"name\":\"Online-Handel kann man lernen! Zum 01.08.2018 als Kaufmann\/Kauffrau im E-Commerce bei camforpro durchstarten\"}]},{\"@type\":\"Person\",\"@id\":\"https:\/\/www.camforpro.com\/blog\/#\/schema\/person\/2e58384de216df5b1b9e3af7c05ae992\",\"name\":\"Malte\",\"image\":{\"@type\":\"ImageObject\",\"@id\":\"https:\/\/www.camforpro.com\/blog\/#personlogo\",\"inLanguage\":\"de\",\"url\":\"https:\/\/secure.gravatar.com\/avatar\/08d096505be328d2028e16f6363f0283?s=96&d=mm&r=g\",\"contentUrl\":\"https:\/\/secure.gravatar.com\/avatar\/08d096505be328d2028e16f6363f0283?s=96&d=mm&r=g\",\"caption\":\"Malte\"},\"url\":\"https:\/\/www.camforpro.com\/blog\/author\/malte\/\"}]}<\/script>\n<!-- \/ Yoast SEO plugin. -->","yoast_head_json":{"title":"camforpro sucht einen Kaufmann\/Kauffrau im E-Commerce","description":"Die Ausbildung zum Kaufmann\/Kauffrau im E-Commerce ist brandneu und geht zum 01.08.2018 an den Start. camforpro sucht eine\/n Auszubildende\/n","robots":{"index":"index","follow":"follow","max-snippet":"max-snippet:-1","max-image-preview":"max-image-preview:large","max-video-preview":"max-video-preview:-1"},"canonical":"https:\/\/www.camforpro.com\/blog\/kaufmann-kauffrau-im-e-commerce\/","og_locale":"de_DE","og_type":"article","og_title":"camforpro sucht einen Kaufmann\/Kauffrau im E-Commerce","og_description":"Die Ausbildung zum Kaufmann\/Kauffrau im E-Commerce ist brandneu und geht zum 01.08.2018 an den Start. camforpro sucht eine\/n Auszubildende\/n","og_url":"https:\/\/www.camforpro.com\/blog\/kaufmann-kauffrau-im-e-commerce\/","og_site_name":"camforpro Blog","article_publisher":"http:\/\/www.facebook.com\/camforpro\/?fref=ts","article_published_time":"2018-05-07T17:00:53+00:00","article_modified_time":"2020-02-19T16:36:31+00:00","og_image":[{"width":2480,"height":1875,"url":"https:\/\/www.camforpro.com\/blog\/wp-content\/uploads\/2018\/05\/camforpro_Team_2.jpg","type":"image\/jpeg"}],"twitter_card":"summary","twitter_misc":{"Verfasst von":"Malte","Gesch\u00e4tzte Lesezeit":"2\u00a0Minuten"},"schema":{"@context":"https:\/\/schema.org","@graph":[{"@type":"WebSite","@id":"https:\/\/www.camforpro.com\/blog\/#website","url":"https:\/\/www.camforpro.com\/blog\/","name":"camforpro Blog","description":"","potentialAction":[{"@type":"SearchAction","target":{"@type":"EntryPoint","urlTemplate":"https:\/\/www.camforpro.com\/blog\/?s={search_term_string}"},"query-input":"required name=search_term_string"}],"inLanguage":"de"},{"@type":"ImageObject","@id":"https:\/\/www.camforpro.com\/blog\/kaufmann-kauffrau-im-e-commerce\/#primaryimage","inLanguage":"de","url":"https:\/\/www.camforpro.com\/blog\/wp-content\/uploads\/2018\/05\/camforpro_Team_2.jpg","contentUrl":"https:\/\/www.camforpro.com\/blog\/wp-content\/uploads\/2018\/05\/camforpro_Team_2.jpg","width":2480,"height":1875},{"@type":"WebPage","@id":"https:\/\/www.camforpro.com\/blog\/kaufmann-kauffrau-im-e-commerce\/#webpage","url":"https:\/\/www.camforpro.com\/blog\/kaufmann-kauffrau-im-e-commerce\/","name":"camforpro sucht einen Kaufmann\/Kauffrau im E-Commerce","isPartOf":{"@id":"https:\/\/www.camforpro.com\/blog\/#website"},"primaryImageOfPage":{"@id":"https:\/\/www.camforpro.com\/blog\/kaufmann-kauffrau-im-e-commerce\/#primaryimage"},"datePublished":"2018-05-07T17:00:53+00:00","dateModified":"2020-02-19T16:36:31+00:00","author":{"@id":"https:\/\/www.camforpro.com\/blog\/#\/schema\/person\/2e58384de216df5b1b9e3af7c05ae992"},"description":"Die Ausbildung zum Kaufmann\/Kauffrau im E-Commerce ist brandneu und geht zum 01.08.2018 an den Start. camforpro sucht eine\/n Auszubildende\/n","breadcrumb":{"@id":"https:\/\/www.camforpro.com\/blog\/kaufmann-kauffrau-im-e-commerce\/#breadcrumb"},"inLanguage":"de","potentialAction":[{"@type":"ReadAction","target":["https:\/\/www.camforpro.com\/blog\/kaufmann-kauffrau-im-e-commerce\/"]}]},{"@type":"BreadcrumbList","@id":"https:\/\/www.camforpro.com\/blog\/kaufmann-kauffrau-im-e-commerce\/#breadcrumb","itemListElement":[{"@type":"ListItem","position":1,"name":"Home","item":"https:\/\/www.camforpro.com\/blog\/"},{"@type":"ListItem","position":2,"name":"Online-Handel kann man lernen! Zum 01.08.2018 als Kaufmann\/Kauffrau im E-Commerce bei camforpro durchstarten"}]},{"@type":"Person","@id":"https:\/\/www.camforpro.com\/blog\/#\/schema\/person\/2e58384de216df5b1b9e3af7c05ae992","name":"Malte","image":{"@type":"ImageObject","@id":"https:\/\/www.camforpro.com\/blog\/#personlogo","inLanguage":"de","url":"https:\/\/secure.gravatar.com\/avatar\/08d096505be328d2028e16f6363f0283?s=96&d=mm&r=g","contentUrl":"https:\/\/secure.gravatar.com\/avatar\/08d096505be328d2028e16f6363f0283?s=96&d=mm&r=g","caption":"Malte"},"url":"https:\/\/www.camforpro.com\/blog\/author\/malte\/"}]}},"_links":{"self":[{"href":"https:\/\/www.camforpro.com\/blog\/wp-json\/wp\/v2\/posts\/5519"}],"collection":[{"href":"https:\/\/www.camforpro.com\/blog\/wp-json\/wp\/v2\/posts"}],"about":[{"href":"https:\/\/www.camforpro.com\/blog\/wp-json\/wp\/v2\/types\/post"}],"author":[{"embeddable":true,"href":"https:\/\/www.camforpro.com\/blog\/wp-json\/wp\/v2\/users\/8"}],"replies":[{"embeddable":true,"href":"https:\/\/www.camforpro.com\/blog\/wp-json\/wp\/v2\/comments?post=5519"}],"version-history":[{"count":56,"href":"https:\/\/www.camforpro.com\/blog\/wp-json\/wp\/v2\/posts\/5519\/revisions"}],"predecessor-version":[{"id":7009,"href":"https:\/\/www.camforpro.com\/blog\/wp-json\/wp\/v2\/posts\/5519\/revisions\/7009"}],"wp:featuredmedia":[{"embeddable":true,"href":"https:\/\/www.camforpro.com\/blog\/wp-json\/wp\/v2\/media\/5577"}],"wp:attachment":[{"href":"https:\/\/www.camforpro.com\/blog\/wp-json\/wp\/v2\/media?parent=5519"}],"wp:term":[{"taxonomy":"category","embeddable":true,"href":"https:\/\/www.camforpro.com\/blog\/wp-json\/wp\/v2\/categories?post=5519"},{"taxonomy":"post_tag","embeddable":true,"href":"https:\/\/www.camforpro.com\/blog\/wp-json\/wp\/v2\/tags?post=5519"}],"curies":[{"name":"wp","href":"https:\/\/api.w.org\/{rel}","templated":true}]}}