{"id":3137,"date":"2016-05-02T10:50:17","date_gmt":"2016-05-02T08:50:17","guid":{"rendered":"https:\/\/www.camforpro.com\/blog\/?p=3137"},"modified":"2016-05-03T13:37:50","modified_gmt":"2016-05-03T11:37:50","slug":"unsere-teamrider-im-april","status":"publish","type":"post","link":"https:\/\/www.camforpro.com\/blog\/unsere-teamrider-im-april\/","title":{"rendered":"Unsere Teamrider im April"},"content":{"rendered":"<p style=\"text-align: justify;\"><img loading=\"lazy\" class=\"aligncenter wp-image-3173 size-full\" src=\"https:\/\/www.camforpro.com\/blog\/wp-content\/uploads\/2016\/04\/Teamrider_blog_header.jpg\" alt=\"Teamrider_blog_header\" width=\"3300\" height=\"993\" \/><\/p>\n<p style=\"text-align: justify;\">Egal bei welcher Sportart. Die neue Saison 2016 ist angebrochen. Unsere ersten Teamrider sind bei ihren Disziplinen am Start. Wie in jedem Sport ist\u00a0nach der langen Offseason der Erwartungsdruck hoch. Das Training \u00fcber den Winter zeigt wer wie gut trainiert hat und mental bereit ist anzugreifen. Gleichzeitig kann man seinen Leitungsstand mit der Konkurrenz vergleichen. Je nach Sportart ist das Wetter ein gro\u00dfer Faktor wie gut man sein K\u00f6nnen unter Beweis stellen kann und am Ende des Tages geh\u00f6rt nat\u00fcrlich auch ein Qu\u00e4ntchen Gl\u00fcck dazu.<\/p>\n<p style=\"text-align: justify;\"><a href=\"https:\/\/www.camforpro.com\/jonas-gauss\" target=\"_blank\">Jonas Gauss<\/a> &#8211; Mountainbike-4Cross<br \/>\nEs ging zum ersten Stop der\u00a0Bergamont European 4Cross Series nach Homberg.\u00a0Bei <a href=\"https:\/\/www.facebook.com\/gaussjonas\/?fref=ts\" target=\"_blank\">Jonas<\/a> stand das erste 4X-Rennen an. In den Wintermonaten konnte er allerdings bei der <a href=\"https:\/\/www.camforpro.com\/blog\/downmall-tour-2016-teamrider-jonas-gauss\/\" target=\"_blank\">DownMall Tour 2016<\/a> in der Rennroutine bleiben. Das Fr\u00fchlingswetter zeigte sich in Homberg nicht von seiner guten Seite. Der April verwandelte den Untergrund in eine matschige Pampe. Jonas hatte trotz der\u00a0Bedingungen seinen Spass, aber\u00a0landete am Ende nur auf Platz 16. Im Video k\u00f6nnt ihr euch selbst ein Bild vom\u00a0<span class=\"s3\"><a href=\"https:\/\/www.facebook.com\/events\/1544150189212614\/?ref=3&amp;ref_newsfeed_story_type=regular&amp;action_history=null&amp;source=3&amp;source_newsfeed_story_type=regular\">Bergamont European 4Cross Series #1 Homberg 2016<\/a>\u00a0machen.<\/span><\/p>\n<p class=\"p1\"><span class=\"s1\"><a href=\"https:\/\/www.camforpro.com\/andrea-winterberg\" target=\"_blank\">Andrea Winterberg<\/a> &#8211; Bouldern<br \/>\nAm Wochenende stand auch die Norddeutsche Bouldermeisterschaft 2016 auf dem Programm. Andrea die schon vor einigen Wochen bei den <a href=\"https:\/\/www.camforpro.com\/blog\/teamrider-andrea-winterberg-bouldern-hardmoves-2016\/\" target=\"_blank\">Hardmoves 2016<\/a> mit ihrem &#8216;Team Hannover&#8217; am Start war, war nat\u00fcrlich auch bei der Norddeutschen Bouldermeisterschaft in der Boulder Base Bremen vor Ort. Andrea ging mit gemischten Gef\u00fchlen an den Start, weil sie in letzter Zeit nicht so viel trainieren konnte. Sie hatte sich zu sehr unter Druck gesetzt und war nicht konzentriert genug. Am Ende belegte sie einen guten Platz 6, mit dem sie angesichts nicht all&#8217; zu viel Training zufrieden ist. Jetzt geht es wieder raus an den Fels, Kopf frei bekommen und ohne Druck und Konkurrenz im Nacken.<\/span><\/p>\n<p class=\"p1\"><span class=\"s1\"><a href=\"https:\/\/www.camforpro.com\/jasper-jauch\" target=\"_blank\">Jasper Jauch<\/a> &#8211; Mountainbike-Downhill<br \/>\nDie Downhill-Saison startete mit ihrem ersten Stop des UCI Downhill World Cup #1 in Lourdes\/Frankreich. Das Wetter hatte auch dort kein Nachsehen. Die Trainingstage waren von Matsch gezeichnet. Teilweise lag in den Pyren\u00e4en noch Schnee. Dennoch trocknete das Wetter zum Finale am Sonntag ab. Jasper fand im Training seinen Flow und war z\u00fcgig unterwegs. Die Strecke hatte sich zum Vorjahr nicht ver\u00e4ndert, sodass er sich voll auf seine Geschwindigkeit konzentieren konnte. Im Seedingrun erwischte er allerdings eine Kurve zu ungenau und landete neben der Strecke im Geb\u00fcsch. Er verlor wertvolle Zeit und schaffte die Qualifikation f\u00fcr das Finale leider nicht.<\/span><\/p>\n<p class=\"p1\">Zwei Wochen sp\u00e4ter ging es nach Australien. Beim UCI Downhill World Cup #2 Cairns waren die Bedingungen schon viel besser. Am Wochenende liess sich trotzdem der Regen blicken und verwandelte die oberste Schicht in eine Schlitterbahn. Den Seedingrun fuhr er sauber und sicher, um sich f\u00fcr das Finale am Sonntag zu qualifizieren. Am Finaltag schien die Sonne\u00a0und trocknete den Untergrund sehr schnell ab. Die Topfahrer spielten den Reifenpoker. Jasper landete am Ende auf einem soliden 63. Platz.<\/p>\n<p class=\"p1\"><span class=\"s1\"><br \/>\n<\/span><\/p>\n","protected":false},"excerpt":{"rendered":"<p>Egal bei welcher Sportart. Die neue Saison 2016 ist angebrochen. Unsere ersten Teamrider sind bei ihren Disziplinen am Start. Wie in jedem Sport ist\u00a0nach der langen Offseason der Erwartungsdruck hoch. Das Training \u00fcber den Winter zeigt wer wie gut trainiert hat und mental bereit ist anzugreifen. Gleichzeitig kann man seinen Leitungsstand mit der Konkurrenz vergleichen. [&hellip;]<\/p>\n","protected":false},"author":12,"featured_media":3173,"comment_status":"open","ping_status":"open","sticky":false,"template":"","format":"standard","meta":[],"categories":[5],"tags":[461,427,428,172,122,431,8,150,430],"yoast_head":"<!-- This site is optimized with the Yoast SEO plugin v18.4.1 - https:\/\/yoast.com\/wordpress\/plugins\/seo\/ -->\n<title>Unsere Teamrider im April - camforpro Blog<\/title>\n<meta name=\"robots\" content=\"index, follow, max-snippet:-1, max-image-preview:large, max-video-preview:-1\" \/>\n<link rel=\"canonical\" href=\"https:\/\/www.camforpro.com\/blog\/unsere-teamrider-im-april\/\" \/>\n<meta property=\"og:locale\" content=\"de_DE\" \/>\n<meta property=\"og:type\" content=\"article\" \/>\n<meta property=\"og:title\" content=\"Unsere Teamrider im April - camforpro Blog\" \/>\n<meta property=\"og:description\" content=\"Egal bei welcher Sportart. Die neue Saison 2016 ist angebrochen. Unsere ersten Teamrider sind bei ihren Disziplinen am Start. Wie in jedem Sport ist\u00a0nach der langen Offseason der Erwartungsdruck hoch. Das Training \u00fcber den Winter zeigt wer wie gut trainiert hat und mental bereit ist anzugreifen. Gleichzeitig kann man seinen Leitungsstand mit der Konkurrenz vergleichen. [&hellip;]\" \/>\n<meta property=\"og:url\" content=\"https:\/\/www.camforpro.com\/blog\/unsere-teamrider-im-april\/\" \/>\n<meta property=\"og:site_name\" content=\"camforpro Blog\" \/>\n<meta property=\"article:publisher\" content=\"http:\/\/www.facebook.com\/camforpro\/?fref=ts\" \/>\n<meta property=\"article:published_time\" content=\"2016-05-02T08:50:17+00:00\" \/>\n<meta property=\"article:modified_time\" content=\"2016-05-03T11:37:50+00:00\" \/>\n<meta property=\"og:image\" content=\"https:\/\/www.camforpro.com\/blog\/wp-content\/uploads\/2016\/04\/Teamrider_blog_header-scaled.jpg\" \/>\n\t<meta property=\"og:image:width\" content=\"2560\" \/>\n\t<meta property=\"og:image:height\" content=\"770\" \/>\n\t<meta property=\"og:image:type\" content=\"image\/jpeg\" \/>\n<meta name=\"twitter:card\" content=\"summary\" \/>\n<meta name=\"twitter:label1\" content=\"Verfasst von\" \/>\n\t<meta name=\"twitter:data1\" content=\"Philipp\" \/>\n\t<meta name=\"twitter:label2\" content=\"Gesch\u00e4tzte Lesezeit\" \/>\n\t<meta name=\"twitter:data2\" content=\"2\u00a0Minuten\" \/>\n<script type=\"application\/ld+json\" class=\"yoast-schema-graph\">{\"@context\":\"https:\/\/schema.org\",\"@graph\":[{\"@type\":\"WebSite\",\"@id\":\"https:\/\/www.camforpro.com\/blog\/#website\",\"url\":\"https:\/\/www.camforpro.com\/blog\/\",\"name\":\"camforpro Blog\",\"description\":\"\",\"potentialAction\":[{\"@type\":\"SearchAction\",\"target\":{\"@type\":\"EntryPoint\",\"urlTemplate\":\"https:\/\/www.camforpro.com\/blog\/?s={search_term_string}\"},\"query-input\":\"required name=search_term_string\"}],\"inLanguage\":\"de\"},{\"@type\":\"ImageObject\",\"@id\":\"https:\/\/www.camforpro.com\/blog\/unsere-teamrider-im-april\/#primaryimage\",\"inLanguage\":\"de\",\"url\":\"https:\/\/www.camforpro.com\/blog\/wp-content\/uploads\/2016\/04\/Teamrider_blog_header-scaled.jpg\",\"contentUrl\":\"https:\/\/www.camforpro.com\/blog\/wp-content\/uploads\/2016\/04\/Teamrider_blog_header-scaled.jpg\",\"width\":2560,\"height\":770},{\"@type\":\"WebPage\",\"@id\":\"https:\/\/www.camforpro.com\/blog\/unsere-teamrider-im-april\/#webpage\",\"url\":\"https:\/\/www.camforpro.com\/blog\/unsere-teamrider-im-april\/\",\"name\":\"Unsere Teamrider im April - camforpro Blog\",\"isPartOf\":{\"@id\":\"https:\/\/www.camforpro.com\/blog\/#website\"},\"primaryImageOfPage\":{\"@id\":\"https:\/\/www.camforpro.com\/blog\/unsere-teamrider-im-april\/#primaryimage\"},\"datePublished\":\"2016-05-02T08:50:17+00:00\",\"dateModified\":\"2016-05-03T11:37:50+00:00\",\"author\":{\"@id\":\"https:\/\/www.camforpro.com\/blog\/#\/schema\/person\/4d833ca595574149dd90de8224240348\"},\"breadcrumb\":{\"@id\":\"https:\/\/www.camforpro.com\/blog\/unsere-teamrider-im-april\/#breadcrumb\"},\"inLanguage\":\"de\",\"potentialAction\":[{\"@type\":\"ReadAction\",\"target\":[\"https:\/\/www.camforpro.com\/blog\/unsere-teamrider-im-april\/\"]}]},{\"@type\":\"BreadcrumbList\",\"@id\":\"https:\/\/www.camforpro.com\/blog\/unsere-teamrider-im-april\/#breadcrumb\",\"itemListElement\":[{\"@type\":\"ListItem\",\"position\":1,\"name\":\"Home\",\"item\":\"https:\/\/www.camforpro.com\/blog\/\"},{\"@type\":\"ListItem\",\"position\":2,\"name\":\"Unsere Teamrider im April\"}]},{\"@type\":\"Person\",\"@id\":\"https:\/\/www.camforpro.com\/blog\/#\/schema\/person\/4d833ca595574149dd90de8224240348\",\"name\":\"Philipp\",\"image\":{\"@type\":\"ImageObject\",\"@id\":\"https:\/\/www.camforpro.com\/blog\/#personlogo\",\"inLanguage\":\"de\",\"url\":\"https:\/\/secure.gravatar.com\/avatar\/0a1bf824fb50b7ed99e1c126ec9df9f0?s=96&d=mm&r=g\",\"contentUrl\":\"https:\/\/secure.gravatar.com\/avatar\/0a1bf824fb50b7ed99e1c126ec9df9f0?s=96&d=mm&r=g\",\"caption\":\"Philipp\"},\"url\":\"https:\/\/www.camforpro.com\/blog\/author\/philipp\/\"}]}<\/script>\n<!-- \/ Yoast SEO plugin. -->","yoast_head_json":{"title":"Unsere Teamrider im April - camforpro Blog","robots":{"index":"index","follow":"follow","max-snippet":"max-snippet:-1","max-image-preview":"max-image-preview:large","max-video-preview":"max-video-preview:-1"},"canonical":"https:\/\/www.camforpro.com\/blog\/unsere-teamrider-im-april\/","og_locale":"de_DE","og_type":"article","og_title":"Unsere Teamrider im April - camforpro Blog","og_description":"Egal bei welcher Sportart. Die neue Saison 2016 ist angebrochen. Unsere ersten Teamrider sind bei ihren Disziplinen am Start. Wie in jedem Sport ist\u00a0nach der langen Offseason der Erwartungsdruck hoch. Das Training \u00fcber den Winter zeigt wer wie gut trainiert hat und mental bereit ist anzugreifen. Gleichzeitig kann man seinen Leitungsstand mit der Konkurrenz vergleichen. [&hellip;]","og_url":"https:\/\/www.camforpro.com\/blog\/unsere-teamrider-im-april\/","og_site_name":"camforpro Blog","article_publisher":"http:\/\/www.facebook.com\/camforpro\/?fref=ts","article_published_time":"2016-05-02T08:50:17+00:00","article_modified_time":"2016-05-03T11:37:50+00:00","og_image":[{"width":2560,"height":770,"url":"https:\/\/www.camforpro.com\/blog\/wp-content\/uploads\/2016\/04\/Teamrider_blog_header-scaled.jpg","type":"image\/jpeg"}],"twitter_card":"summary","twitter_misc":{"Verfasst von":"Philipp","Gesch\u00e4tzte Lesezeit":"2\u00a0Minuten"},"schema":{"@context":"https:\/\/schema.org","@graph":[{"@type":"WebSite","@id":"https:\/\/www.camforpro.com\/blog\/#website","url":"https:\/\/www.camforpro.com\/blog\/","name":"camforpro Blog","description":"","potentialAction":[{"@type":"SearchAction","target":{"@type":"EntryPoint","urlTemplate":"https:\/\/www.camforpro.com\/blog\/?s={search_term_string}"},"query-input":"required name=search_term_string"}],"inLanguage":"de"},{"@type":"ImageObject","@id":"https:\/\/www.camforpro.com\/blog\/unsere-teamrider-im-april\/#primaryimage","inLanguage":"de","url":"https:\/\/www.camforpro.com\/blog\/wp-content\/uploads\/2016\/04\/Teamrider_blog_header-scaled.jpg","contentUrl":"https:\/\/www.camforpro.com\/blog\/wp-content\/uploads\/2016\/04\/Teamrider_blog_header-scaled.jpg","width":2560,"height":770},{"@type":"WebPage","@id":"https:\/\/www.camforpro.com\/blog\/unsere-teamrider-im-april\/#webpage","url":"https:\/\/www.camforpro.com\/blog\/unsere-teamrider-im-april\/","name":"Unsere Teamrider im April - camforpro Blog","isPartOf":{"@id":"https:\/\/www.camforpro.com\/blog\/#website"},"primaryImageOfPage":{"@id":"https:\/\/www.camforpro.com\/blog\/unsere-teamrider-im-april\/#primaryimage"},"datePublished":"2016-05-02T08:50:17+00:00","dateModified":"2016-05-03T11:37:50+00:00","author":{"@id":"https:\/\/www.camforpro.com\/blog\/#\/schema\/person\/4d833ca595574149dd90de8224240348"},"breadcrumb":{"@id":"https:\/\/www.camforpro.com\/blog\/unsere-teamrider-im-april\/#breadcrumb"},"inLanguage":"de","potentialAction":[{"@type":"ReadAction","target":["https:\/\/www.camforpro.com\/blog\/unsere-teamrider-im-april\/"]}]},{"@type":"BreadcrumbList","@id":"https:\/\/www.camforpro.com\/blog\/unsere-teamrider-im-april\/#breadcrumb","itemListElement":[{"@type":"ListItem","position":1,"name":"Home","item":"https:\/\/www.camforpro.com\/blog\/"},{"@type":"ListItem","position":2,"name":"Unsere Teamrider im April"}]},{"@type":"Person","@id":"https:\/\/www.camforpro.com\/blog\/#\/schema\/person\/4d833ca595574149dd90de8224240348","name":"Philipp","image":{"@type":"ImageObject","@id":"https:\/\/www.camforpro.com\/blog\/#personlogo","inLanguage":"de","url":"https:\/\/secure.gravatar.com\/avatar\/0a1bf824fb50b7ed99e1c126ec9df9f0?s=96&d=mm&r=g","contentUrl":"https:\/\/secure.gravatar.com\/avatar\/0a1bf824fb50b7ed99e1c126ec9df9f0?s=96&d=mm&r=g","caption":"Philipp"},"url":"https:\/\/www.camforpro.com\/blog\/author\/philipp\/"}]}},"_links":{"self":[{"href":"https:\/\/www.camforpro.com\/blog\/wp-json\/wp\/v2\/posts\/3137"}],"collection":[{"href":"https:\/\/www.camforpro.com\/blog\/wp-json\/wp\/v2\/posts"}],"about":[{"href":"https:\/\/www.camforpro.com\/blog\/wp-json\/wp\/v2\/types\/post"}],"author":[{"embeddable":true,"href":"https:\/\/www.camforpro.com\/blog\/wp-json\/wp\/v2\/users\/12"}],"replies":[{"embeddable":true,"href":"https:\/\/www.camforpro.com\/blog\/wp-json\/wp\/v2\/comments?post=3137"}],"version-history":[{"count":17,"href":"https:\/\/www.camforpro.com\/blog\/wp-json\/wp\/v2\/posts\/3137\/revisions"}],"predecessor-version":[{"id":3178,"href":"https:\/\/www.camforpro.com\/blog\/wp-json\/wp\/v2\/posts\/3137\/revisions\/3178"}],"wp:featuredmedia":[{"embeddable":true,"href":"https:\/\/www.camforpro.com\/blog\/wp-json\/wp\/v2\/media\/3173"}],"wp:attachment":[{"href":"https:\/\/www.camforpro.com\/blog\/wp-json\/wp\/v2\/media?parent=3137"}],"wp:term":[{"taxonomy":"category","embeddable":true,"href":"https:\/\/www.camforpro.com\/blog\/wp-json\/wp\/v2\/categories?post=3137"},{"taxonomy":"post_tag","embeddable":true,"href":"https:\/\/www.camforpro.com\/blog\/wp-json\/wp\/v2\/tags?post=3137"}],"curies":[{"name":"wp","href":"https:\/\/api.w.org\/{rel}","templated":true}]}}