{"id":293,"date":"2014-01-28T09:45:39","date_gmt":"2014-01-28T07:45:39","guid":{"rendered":"http:\/\/camforpro.com.s2.sellitsmart.de\/blog\/?p=293"},"modified":"2014-10-30T12:21:03","modified_gmt":"2014-10-30T10:21:03","slug":"offizielle-eroeffnung-des-gopro-headquarters-muenchen","status":"publish","type":"post","link":"https:\/\/www.camforpro.com\/blog\/offizielle-eroeffnung-des-gopro-headquarters-muenchen\/","title":{"rendered":"Offizielle Er\u00f6ffnung des GoPro Headquarters in M\u00fcnchen"},"content":{"rendered":"<p><a href=\"http:\/\/camforpro.com.s2.sellitsmart.de\/blog\/wp-content\/uploads\/2014\/10\/GoPro-Europe.jpg\"><img loading=\"lazy\" class=\"alignleft wp-image-294\" src=\"http:\/\/camforpro.com.s2.sellitsmart.de\/blog\/wp-content\/uploads\/2014\/10\/GoPro-Europe.jpg\" alt=\"GoPro Europe\" width=\"450\" height=\"242\" srcset=\"https:\/\/www.camforpro.com\/blog\/wp-content\/uploads\/2014\/10\/GoPro-Europe.jpg 580w, https:\/\/www.camforpro.com\/blog\/wp-content\/uploads\/2014\/10\/GoPro-Europe-300x161.jpg 300w\" sizes=\"(max-width: 450px) 100vw, 450px\" \/><\/a>GoPro Gr\u00fcnder und CEO Nicholas Woodman er\u00f6ffnete am 28. Januar 2014 offiziell das Europ\u00e4ische Headquarter von GoPro in M\u00fcnchen. Zum Kick Off der Veranstaltung pr\u00e4sentierte Woodman das Highlight-Video mit den Mitgliedern des europ\u00e4ischen GoPro Athlete-Teams Danny Macaskill, Sam Pilgrim und Rachel Atherton &#8211; welches mit beeindruckenden Bildern zeigt, was passiert, wenn GoPro Kameras und einige der weltbesten Athleten aufeinandertreffen.<\/p>\n<p><iframe src=\"\/\/www.youtube.com\/embed\/p98FMlERsPY\" width=\"560\" height=\"315\" frameborder=\"0\" allowfullscreen=\"allowfullscreen\"><\/iframe><\/p>\n<p>Bereits vor der Er\u00f6ffnung des neuen Headquarters konzentrierte sich GoPro zunehmend auch auf eine erfolgreiche Zukunft in Europa. In 2014 wird der Brand in gut 100 Events in 14 europ\u00e4ischen L\u00e4ndern involviert sein \u2013 die Freeride World Tour, die UCI Downhill World Cup Series und die FIM Motocross World Championship Series sind nur einige davon. Zus\u00e4tzlich ist GoPro stolzer Partner von insgesamt neun Action Sports Resorts in den Alpen und Skandinavien.<\/p>\n<p>Einige der bekanntesten Actionsportler in Europa nutzen in 2014 die GoPro HERO3+ &#8211; Mountain Bike Freeride Weltmeister Sam Pilgrim (GBR), der siebenmalige MotoX Weltmeister Tony Cairoli (ITA) und die amtierende UCI Downhill Weltmeisterin Rachel Atherton (GBR) z\u00e4hlen hier genauso dazu wie Snowboard-Legende Xavier de la Rue oder der Ausnahme Street-Trial Biker Danny MacAskill. Dieses sind dabei nur einige der bemerkenswerten Pers\u00f6nlichkeiten, die das 30k\u00f6pfige GoPro Athlets und Ambassador Team bilden.<\/p>\n<p>In 2007 gegr\u00fcndet, werden GoPro Kameras und Accessoires heute in \u00fcber 12.000 Stores in 14 europ\u00e4ischen L\u00e4ndern verkauft.<\/p>\n","protected":false},"excerpt":{"rendered":"<p>GoPro Gr\u00fcnder und CEO Nicholas Woodman er\u00f6ffnete am 28. Januar 2014 offiziell das Europ\u00e4ische Headquarter von GoPro in M\u00fcnchen. Zum Kick Off der Veranstaltung pr\u00e4sentierte Woodman das Highlight-Video mit den Mitgliedern des europ\u00e4ischen GoPro Athlete-Teams Danny Macaskill, Sam Pilgrim und Rachel Atherton &#8211; welches mit beeindruckenden Bildern zeigt, was passiert, wenn GoPro Kameras und einige [&hellip;]<\/p>\n","protected":false},"author":6,"featured_media":294,"comment_status":"open","ping_status":"open","sticky":false,"template":"","format":"standard","meta":[],"categories":[12],"tags":[129,130],"yoast_head":"<!-- This site is optimized with the Yoast SEO plugin v18.4.1 - https:\/\/yoast.com\/wordpress\/plugins\/seo\/ -->\n<title>Offizielle Er\u00f6ffnung des GoPro Headquarters in M\u00fcnchen - camforpro Blog<\/title>\n<meta name=\"description\" content=\"GoPro er\u00f6ffnet das europ\u00e4ische Headquarter in M\u00fcnchen mit einer Rede von CEO Nicholas Woodman\" \/>\n<meta name=\"robots\" content=\"index, follow, max-snippet:-1, max-image-preview:large, max-video-preview:-1\" \/>\n<link rel=\"canonical\" href=\"https:\/\/www.camforpro.com\/blog\/offizielle-eroeffnung-des-gopro-headquarters-muenchen\/\" \/>\n<meta property=\"og:locale\" content=\"de_DE\" \/>\n<meta property=\"og:type\" content=\"article\" \/>\n<meta property=\"og:title\" content=\"Offizielle Er\u00f6ffnung des GoPro Headquarters in M\u00fcnchen - camforpro Blog\" \/>\n<meta property=\"og:description\" content=\"GoPro er\u00f6ffnet das europ\u00e4ische Headquarter in M\u00fcnchen mit einer Rede von CEO Nicholas Woodman\" \/>\n<meta property=\"og:url\" content=\"https:\/\/www.camforpro.com\/blog\/offizielle-eroeffnung-des-gopro-headquarters-muenchen\/\" \/>\n<meta property=\"og:site_name\" content=\"camforpro Blog\" \/>\n<meta property=\"article:publisher\" content=\"http:\/\/www.facebook.com\/camforpro\/?fref=ts\" \/>\n<meta property=\"article:published_time\" content=\"2014-01-28T07:45:39+00:00\" \/>\n<meta property=\"article:modified_time\" content=\"2014-10-30T10:21:03+00:00\" \/>\n<meta property=\"og:image\" content=\"https:\/\/www.camforpro.com\/blog\/wp-content\/uploads\/2014\/10\/GoPro-Europe.jpg\" \/>\n\t<meta property=\"og:image:width\" content=\"580\" \/>\n\t<meta property=\"og:image:height\" content=\"312\" \/>\n\t<meta property=\"og:image:type\" content=\"image\/jpeg\" \/>\n<meta name=\"twitter:card\" content=\"summary\" \/>\n<meta name=\"twitter:label1\" content=\"Verfasst von\" \/>\n\t<meta name=\"twitter:data1\" content=\"Stephan\" \/>\n\t<meta name=\"twitter:label2\" content=\"Gesch\u00e4tzte Lesezeit\" \/>\n\t<meta name=\"twitter:data2\" content=\"1\u00a0Minute\" \/>\n<script type=\"application\/ld+json\" class=\"yoast-schema-graph\">{\"@context\":\"https:\/\/schema.org\",\"@graph\":[{\"@type\":\"WebSite\",\"@id\":\"https:\/\/www.camforpro.com\/blog\/#website\",\"url\":\"https:\/\/www.camforpro.com\/blog\/\",\"name\":\"camforpro Blog\",\"description\":\"\",\"potentialAction\":[{\"@type\":\"SearchAction\",\"target\":{\"@type\":\"EntryPoint\",\"urlTemplate\":\"https:\/\/www.camforpro.com\/blog\/?s={search_term_string}\"},\"query-input\":\"required name=search_term_string\"}],\"inLanguage\":\"de\"},{\"@type\":\"ImageObject\",\"@id\":\"https:\/\/www.camforpro.com\/blog\/offizielle-eroeffnung-des-gopro-headquarters-muenchen\/#primaryimage\",\"inLanguage\":\"de\",\"url\":\"https:\/\/www.camforpro.com\/blog\/wp-content\/uploads\/2014\/10\/GoPro-Europe.jpg\",\"contentUrl\":\"https:\/\/www.camforpro.com\/blog\/wp-content\/uploads\/2014\/10\/GoPro-Europe.jpg\",\"width\":580,\"height\":312},{\"@type\":\"WebPage\",\"@id\":\"https:\/\/www.camforpro.com\/blog\/offizielle-eroeffnung-des-gopro-headquarters-muenchen\/#webpage\",\"url\":\"https:\/\/www.camforpro.com\/blog\/offizielle-eroeffnung-des-gopro-headquarters-muenchen\/\",\"name\":\"Offizielle Er\u00f6ffnung des GoPro Headquarters in M\u00fcnchen - camforpro Blog\",\"isPartOf\":{\"@id\":\"https:\/\/www.camforpro.com\/blog\/#website\"},\"primaryImageOfPage\":{\"@id\":\"https:\/\/www.camforpro.com\/blog\/offizielle-eroeffnung-des-gopro-headquarters-muenchen\/#primaryimage\"},\"datePublished\":\"2014-01-28T07:45:39+00:00\",\"dateModified\":\"2014-10-30T10:21:03+00:00\",\"author\":{\"@id\":\"https:\/\/www.camforpro.com\/blog\/#\/schema\/person\/0b52bbaa8958b13d67074892c080680d\"},\"description\":\"GoPro er\u00f6ffnet das europ\u00e4ische Headquarter in M\u00fcnchen mit einer Rede von CEO Nicholas Woodman\",\"breadcrumb\":{\"@id\":\"https:\/\/www.camforpro.com\/blog\/offizielle-eroeffnung-des-gopro-headquarters-muenchen\/#breadcrumb\"},\"inLanguage\":\"de\",\"potentialAction\":[{\"@type\":\"ReadAction\",\"target\":[\"https:\/\/www.camforpro.com\/blog\/offizielle-eroeffnung-des-gopro-headquarters-muenchen\/\"]}]},{\"@type\":\"BreadcrumbList\",\"@id\":\"https:\/\/www.camforpro.com\/blog\/offizielle-eroeffnung-des-gopro-headquarters-muenchen\/#breadcrumb\",\"itemListElement\":[{\"@type\":\"ListItem\",\"position\":1,\"name\":\"Home\",\"item\":\"https:\/\/www.camforpro.com\/blog\/\"},{\"@type\":\"ListItem\",\"position\":2,\"name\":\"Offizielle Er\u00f6ffnung des GoPro Headquarters in M\u00fcnchen\"}]},{\"@type\":\"Person\",\"@id\":\"https:\/\/www.camforpro.com\/blog\/#\/schema\/person\/0b52bbaa8958b13d67074892c080680d\",\"name\":\"Stephan\",\"image\":{\"@type\":\"ImageObject\",\"@id\":\"https:\/\/www.camforpro.com\/blog\/#personlogo\",\"inLanguage\":\"de\",\"url\":\"https:\/\/secure.gravatar.com\/avatar\/7713bcb4f818cc58c5f4037663fb0cd3?s=96&d=mm&r=g\",\"contentUrl\":\"https:\/\/secure.gravatar.com\/avatar\/7713bcb4f818cc58c5f4037663fb0cd3?s=96&d=mm&r=g\",\"caption\":\"Stephan\"},\"url\":\"https:\/\/www.camforpro.com\/blog\/author\/stephan\/\"}]}<\/script>\n<!-- \/ Yoast SEO plugin. -->","yoast_head_json":{"title":"Offizielle Er\u00f6ffnung des GoPro Headquarters in M\u00fcnchen - camforpro Blog","description":"GoPro er\u00f6ffnet das europ\u00e4ische Headquarter in M\u00fcnchen mit einer Rede von CEO Nicholas Woodman","robots":{"index":"index","follow":"follow","max-snippet":"max-snippet:-1","max-image-preview":"max-image-preview:large","max-video-preview":"max-video-preview:-1"},"canonical":"https:\/\/www.camforpro.com\/blog\/offizielle-eroeffnung-des-gopro-headquarters-muenchen\/","og_locale":"de_DE","og_type":"article","og_title":"Offizielle Er\u00f6ffnung des GoPro Headquarters in M\u00fcnchen - camforpro Blog","og_description":"GoPro er\u00f6ffnet das europ\u00e4ische Headquarter in M\u00fcnchen mit einer Rede von CEO Nicholas Woodman","og_url":"https:\/\/www.camforpro.com\/blog\/offizielle-eroeffnung-des-gopro-headquarters-muenchen\/","og_site_name":"camforpro Blog","article_publisher":"http:\/\/www.facebook.com\/camforpro\/?fref=ts","article_published_time":"2014-01-28T07:45:39+00:00","article_modified_time":"2014-10-30T10:21:03+00:00","og_image":[{"width":580,"height":312,"url":"https:\/\/www.camforpro.com\/blog\/wp-content\/uploads\/2014\/10\/GoPro-Europe.jpg","type":"image\/jpeg"}],"twitter_card":"summary","twitter_misc":{"Verfasst von":"Stephan","Gesch\u00e4tzte Lesezeit":"1\u00a0Minute"},"schema":{"@context":"https:\/\/schema.org","@graph":[{"@type":"WebSite","@id":"https:\/\/www.camforpro.com\/blog\/#website","url":"https:\/\/www.camforpro.com\/blog\/","name":"camforpro Blog","description":"","potentialAction":[{"@type":"SearchAction","target":{"@type":"EntryPoint","urlTemplate":"https:\/\/www.camforpro.com\/blog\/?s={search_term_string}"},"query-input":"required name=search_term_string"}],"inLanguage":"de"},{"@type":"ImageObject","@id":"https:\/\/www.camforpro.com\/blog\/offizielle-eroeffnung-des-gopro-headquarters-muenchen\/#primaryimage","inLanguage":"de","url":"https:\/\/www.camforpro.com\/blog\/wp-content\/uploads\/2014\/10\/GoPro-Europe.jpg","contentUrl":"https:\/\/www.camforpro.com\/blog\/wp-content\/uploads\/2014\/10\/GoPro-Europe.jpg","width":580,"height":312},{"@type":"WebPage","@id":"https:\/\/www.camforpro.com\/blog\/offizielle-eroeffnung-des-gopro-headquarters-muenchen\/#webpage","url":"https:\/\/www.camforpro.com\/blog\/offizielle-eroeffnung-des-gopro-headquarters-muenchen\/","name":"Offizielle Er\u00f6ffnung des GoPro Headquarters in M\u00fcnchen - camforpro Blog","isPartOf":{"@id":"https:\/\/www.camforpro.com\/blog\/#website"},"primaryImageOfPage":{"@id":"https:\/\/www.camforpro.com\/blog\/offizielle-eroeffnung-des-gopro-headquarters-muenchen\/#primaryimage"},"datePublished":"2014-01-28T07:45:39+00:00","dateModified":"2014-10-30T10:21:03+00:00","author":{"@id":"https:\/\/www.camforpro.com\/blog\/#\/schema\/person\/0b52bbaa8958b13d67074892c080680d"},"description":"GoPro er\u00f6ffnet das europ\u00e4ische Headquarter in M\u00fcnchen mit einer Rede von CEO Nicholas Woodman","breadcrumb":{"@id":"https:\/\/www.camforpro.com\/blog\/offizielle-eroeffnung-des-gopro-headquarters-muenchen\/#breadcrumb"},"inLanguage":"de","potentialAction":[{"@type":"ReadAction","target":["https:\/\/www.camforpro.com\/blog\/offizielle-eroeffnung-des-gopro-headquarters-muenchen\/"]}]},{"@type":"BreadcrumbList","@id":"https:\/\/www.camforpro.com\/blog\/offizielle-eroeffnung-des-gopro-headquarters-muenchen\/#breadcrumb","itemListElement":[{"@type":"ListItem","position":1,"name":"Home","item":"https:\/\/www.camforpro.com\/blog\/"},{"@type":"ListItem","position":2,"name":"Offizielle Er\u00f6ffnung des GoPro Headquarters in M\u00fcnchen"}]},{"@type":"Person","@id":"https:\/\/www.camforpro.com\/blog\/#\/schema\/person\/0b52bbaa8958b13d67074892c080680d","name":"Stephan","image":{"@type":"ImageObject","@id":"https:\/\/www.camforpro.com\/blog\/#personlogo","inLanguage":"de","url":"https:\/\/secure.gravatar.com\/avatar\/7713bcb4f818cc58c5f4037663fb0cd3?s=96&d=mm&r=g","contentUrl":"https:\/\/secure.gravatar.com\/avatar\/7713bcb4f818cc58c5f4037663fb0cd3?s=96&d=mm&r=g","caption":"Stephan"},"url":"https:\/\/www.camforpro.com\/blog\/author\/stephan\/"}]}},"_links":{"self":[{"href":"https:\/\/www.camforpro.com\/blog\/wp-json\/wp\/v2\/posts\/293"}],"collection":[{"href":"https:\/\/www.camforpro.com\/blog\/wp-json\/wp\/v2\/posts"}],"about":[{"href":"https:\/\/www.camforpro.com\/blog\/wp-json\/wp\/v2\/types\/post"}],"author":[{"embeddable":true,"href":"https:\/\/www.camforpro.com\/blog\/wp-json\/wp\/v2\/users\/6"}],"replies":[{"embeddable":true,"href":"https:\/\/www.camforpro.com\/blog\/wp-json\/wp\/v2\/comments?post=293"}],"version-history":[{"count":2,"href":"https:\/\/www.camforpro.com\/blog\/wp-json\/wp\/v2\/posts\/293\/revisions"}],"predecessor-version":[{"id":296,"href":"https:\/\/www.camforpro.com\/blog\/wp-json\/wp\/v2\/posts\/293\/revisions\/296"}],"wp:featuredmedia":[{"embeddable":true,"href":"https:\/\/www.camforpro.com\/blog\/wp-json\/wp\/v2\/media\/294"}],"wp:attachment":[{"href":"https:\/\/www.camforpro.com\/blog\/wp-json\/wp\/v2\/media?parent=293"}],"wp:term":[{"taxonomy":"category","embeddable":true,"href":"https:\/\/www.camforpro.com\/blog\/wp-json\/wp\/v2\/categories?post=293"},{"taxonomy":"post_tag","embeddable":true,"href":"https:\/\/www.camforpro.com\/blog\/wp-json\/wp\/v2\/tags?post=293"}],"curies":[{"name":"wp","href":"https:\/\/api.w.org\/{rel}","templated":true}]}}