{"id":285,"date":"2014-03-04T00:00:57","date_gmt":"2014-03-03T22:00:57","guid":{"rendered":"http:\/\/camforpro.com.s2.sellitsmart.de\/blog\/?p=285"},"modified":"2015-11-09T11:37:32","modified_gmt":"2015-11-09T09:37:32","slug":"wir-sind-08-09-maerz-wieder-auf-der-passion-bremen","status":"publish","type":"post","link":"https:\/\/www.camforpro.com\/blog\/wir-sind-08-09-maerz-wieder-auf-der-passion-bremen\/","title":{"rendered":"Wir sind am 08.+09. M\u00e4rz wieder auf der Passion in Bremen"},"content":{"rendered":"<p>Am 08.+09.03.2014 findet Ihr unseren Stand auf der Passion in Bremen! Es erwarten Euch einige Sonderangebote und ein grosses Gewinnspiel!<\/p>\n<p><a href=\"http:\/\/camforpro.com.s2.sellitsmart.de\/blog\/wp-content\/uploads\/2014\/10\/Passion-Bremen.jpg\"><img loading=\"lazy\" class=\"aligncenter wp-image-286\" src=\"http:\/\/camforpro.com.s2.sellitsmart.de\/blog\/wp-content\/uploads\/2014\/10\/Passion-Bremen.jpg\" alt=\"Passion Bremen\" width=\"260\" height=\"339\" srcset=\"https:\/\/www.camforpro.com\/blog\/wp-content\/uploads\/2014\/10\/Passion-Bremen.jpg 639w, https:\/\/www.camforpro.com\/blog\/wp-content\/uploads\/2014\/10\/Passion-Bremen-230x300.jpg 230w\" sizes=\"(max-width: 260px) 100vw, 260px\" \/><\/a><\/p>\n<p>Die Passion Bremen ist der Treffpunkt f\u00fcr Vertreter, Aktive und Fans von Fun- und Extremsportarten. Dabei setzt die trade show mit ihren Side-Events auf ein einzigartiges Konzept und schlie\u00dft als Schnittstelle zwischen Business und Consumer eine L\u00fccke: hier pr\u00e4sentieren sich alle Fun- und Extremsportarten unter einem Dach, hier treffen sich die Szenen, hier gibt es rund ums Thema Produkte und Dienstleistungen. Dabei bilden die Themeninseln Water, Snow, Urban und Style das Herz der Messe. Weitere Infos:<\/p>\n<p><a href=\"http:\/\/www.passion-bremen.de\/passion\/Information\"><strong>www.passion-bremen.de<\/strong><\/a><br \/>\n<iframe src=\"\/\/www.youtube.com\/embed\/0a5lqAwfemU\" width=\"560\" height=\"315\" frameborder=\"0\" allowfullscreen=\"allowfullscreen\"><\/iframe><\/p>\n","protected":false},"excerpt":{"rendered":"<p>Am 08.+09.03.2014 findet Ihr unseren Stand auf der Passion in Bremen! Es erwarten Euch einige Sonderangebote und ein grosses Gewinnspiel! Die Passion Bremen ist der Treffpunkt f\u00fcr Vertreter, Aktive und Fans von Fun- und Extremsportarten. Dabei setzt die trade show mit ihren Side-Events auf ein einzigartiges Konzept und schlie\u00dft als Schnittstelle zwischen Business und Consumer [&hellip;]<\/p>\n","protected":false},"author":6,"featured_media":286,"comment_status":"open","ping_status":"open","sticky":false,"template":"","format":"standard","meta":[],"categories":[2,4],"tags":[127,126],"yoast_head":"<!-- This site is optimized with the Yoast SEO plugin v18.4.1 - https:\/\/yoast.com\/wordpress\/plugins\/seo\/ -->\n<title>Wir sind am 08.+09. M\u00e4rz wieder auf der Passion in Bremen - camforpro Blog<\/title>\n<meta name=\"description\" content=\"Am 08.+09.03.2014 findet Ihr einen camforpro Stand auf der Passion in Bremen!\" \/>\n<meta name=\"robots\" content=\"index, follow, max-snippet:-1, max-image-preview:large, max-video-preview:-1\" \/>\n<link rel=\"canonical\" href=\"https:\/\/www.camforpro.com\/blog\/wir-sind-08-09-maerz-wieder-auf-der-passion-bremen\/\" \/>\n<meta property=\"og:locale\" content=\"de_DE\" \/>\n<meta property=\"og:type\" content=\"article\" \/>\n<meta property=\"og:title\" content=\"Wir sind am 08.+09. M\u00e4rz wieder auf der Passion in Bremen - camforpro Blog\" \/>\n<meta property=\"og:description\" content=\"Am 08.+09.03.2014 findet Ihr einen camforpro Stand auf der Passion in Bremen!\" \/>\n<meta property=\"og:url\" content=\"https:\/\/www.camforpro.com\/blog\/wir-sind-08-09-maerz-wieder-auf-der-passion-bremen\/\" \/>\n<meta property=\"og:site_name\" content=\"camforpro Blog\" \/>\n<meta property=\"article:publisher\" content=\"http:\/\/www.facebook.com\/camforpro\/?fref=ts\" \/>\n<meta property=\"article:published_time\" content=\"2014-03-03T22:00:57+00:00\" \/>\n<meta property=\"article:modified_time\" content=\"2015-11-09T09:37:32+00:00\" \/>\n<meta property=\"og:image\" content=\"https:\/\/www.camforpro.com\/blog\/wp-content\/uploads\/2014\/10\/Passion-Bremen.jpg\" \/>\n\t<meta property=\"og:image:width\" content=\"639\" \/>\n\t<meta property=\"og:image:height\" content=\"833\" \/>\n\t<meta property=\"og:image:type\" content=\"image\/jpeg\" \/>\n<meta name=\"twitter:card\" content=\"summary\" \/>\n<meta name=\"twitter:label1\" content=\"Verfasst von\" \/>\n\t<meta name=\"twitter:data1\" content=\"Stephan\" \/>\n\t<meta name=\"twitter:label2\" content=\"Gesch\u00e4tzte Lesezeit\" \/>\n\t<meta name=\"twitter:data2\" content=\"1\u00a0Minute\" \/>\n<script type=\"application\/ld+json\" class=\"yoast-schema-graph\">{\"@context\":\"https:\/\/schema.org\",\"@graph\":[{\"@type\":\"WebSite\",\"@id\":\"https:\/\/www.camforpro.com\/blog\/#website\",\"url\":\"https:\/\/www.camforpro.com\/blog\/\",\"name\":\"camforpro Blog\",\"description\":\"\",\"potentialAction\":[{\"@type\":\"SearchAction\",\"target\":{\"@type\":\"EntryPoint\",\"urlTemplate\":\"https:\/\/www.camforpro.com\/blog\/?s={search_term_string}\"},\"query-input\":\"required name=search_term_string\"}],\"inLanguage\":\"de\"},{\"@type\":\"ImageObject\",\"@id\":\"https:\/\/www.camforpro.com\/blog\/wir-sind-08-09-maerz-wieder-auf-der-passion-bremen\/#primaryimage\",\"inLanguage\":\"de\",\"url\":\"https:\/\/www.camforpro.com\/blog\/wp-content\/uploads\/2014\/10\/Passion-Bremen.jpg\",\"contentUrl\":\"https:\/\/www.camforpro.com\/blog\/wp-content\/uploads\/2014\/10\/Passion-Bremen.jpg\",\"width\":639,\"height\":833},{\"@type\":\"WebPage\",\"@id\":\"https:\/\/www.camforpro.com\/blog\/wir-sind-08-09-maerz-wieder-auf-der-passion-bremen\/#webpage\",\"url\":\"https:\/\/www.camforpro.com\/blog\/wir-sind-08-09-maerz-wieder-auf-der-passion-bremen\/\",\"name\":\"Wir sind am 08.+09. M\u00e4rz wieder auf der Passion in Bremen - camforpro Blog\",\"isPartOf\":{\"@id\":\"https:\/\/www.camforpro.com\/blog\/#website\"},\"primaryImageOfPage\":{\"@id\":\"https:\/\/www.camforpro.com\/blog\/wir-sind-08-09-maerz-wieder-auf-der-passion-bremen\/#primaryimage\"},\"datePublished\":\"2014-03-03T22:00:57+00:00\",\"dateModified\":\"2015-11-09T09:37:32+00:00\",\"author\":{\"@id\":\"https:\/\/www.camforpro.com\/blog\/#\/schema\/person\/0b52bbaa8958b13d67074892c080680d\"},\"description\":\"Am 08.+09.03.2014 findet Ihr einen camforpro Stand auf der Passion in Bremen!\",\"breadcrumb\":{\"@id\":\"https:\/\/www.camforpro.com\/blog\/wir-sind-08-09-maerz-wieder-auf-der-passion-bremen\/#breadcrumb\"},\"inLanguage\":\"de\",\"potentialAction\":[{\"@type\":\"ReadAction\",\"target\":[\"https:\/\/www.camforpro.com\/blog\/wir-sind-08-09-maerz-wieder-auf-der-passion-bremen\/\"]}]},{\"@type\":\"BreadcrumbList\",\"@id\":\"https:\/\/www.camforpro.com\/blog\/wir-sind-08-09-maerz-wieder-auf-der-passion-bremen\/#breadcrumb\",\"itemListElement\":[{\"@type\":\"ListItem\",\"position\":1,\"name\":\"Home\",\"item\":\"https:\/\/www.camforpro.com\/blog\/\"},{\"@type\":\"ListItem\",\"position\":2,\"name\":\"Wir sind am 08.+09. M\u00e4rz wieder auf der Passion in Bremen\"}]},{\"@type\":\"Person\",\"@id\":\"https:\/\/www.camforpro.com\/blog\/#\/schema\/person\/0b52bbaa8958b13d67074892c080680d\",\"name\":\"Stephan\",\"image\":{\"@type\":\"ImageObject\",\"@id\":\"https:\/\/www.camforpro.com\/blog\/#personlogo\",\"inLanguage\":\"de\",\"url\":\"https:\/\/secure.gravatar.com\/avatar\/7713bcb4f818cc58c5f4037663fb0cd3?s=96&d=mm&r=g\",\"contentUrl\":\"https:\/\/secure.gravatar.com\/avatar\/7713bcb4f818cc58c5f4037663fb0cd3?s=96&d=mm&r=g\",\"caption\":\"Stephan\"},\"url\":\"https:\/\/www.camforpro.com\/blog\/author\/stephan\/\"}]}<\/script>\n<!-- \/ Yoast SEO plugin. -->","yoast_head_json":{"title":"Wir sind am 08.+09. M\u00e4rz wieder auf der Passion in Bremen - camforpro Blog","description":"Am 08.+09.03.2014 findet Ihr einen camforpro Stand auf der Passion in Bremen!","robots":{"index":"index","follow":"follow","max-snippet":"max-snippet:-1","max-image-preview":"max-image-preview:large","max-video-preview":"max-video-preview:-1"},"canonical":"https:\/\/www.camforpro.com\/blog\/wir-sind-08-09-maerz-wieder-auf-der-passion-bremen\/","og_locale":"de_DE","og_type":"article","og_title":"Wir sind am 08.+09. M\u00e4rz wieder auf der Passion in Bremen - camforpro Blog","og_description":"Am 08.+09.03.2014 findet Ihr einen camforpro Stand auf der Passion in Bremen!","og_url":"https:\/\/www.camforpro.com\/blog\/wir-sind-08-09-maerz-wieder-auf-der-passion-bremen\/","og_site_name":"camforpro Blog","article_publisher":"http:\/\/www.facebook.com\/camforpro\/?fref=ts","article_published_time":"2014-03-03T22:00:57+00:00","article_modified_time":"2015-11-09T09:37:32+00:00","og_image":[{"width":639,"height":833,"url":"https:\/\/www.camforpro.com\/blog\/wp-content\/uploads\/2014\/10\/Passion-Bremen.jpg","type":"image\/jpeg"}],"twitter_card":"summary","twitter_misc":{"Verfasst von":"Stephan","Gesch\u00e4tzte Lesezeit":"1\u00a0Minute"},"schema":{"@context":"https:\/\/schema.org","@graph":[{"@type":"WebSite","@id":"https:\/\/www.camforpro.com\/blog\/#website","url":"https:\/\/www.camforpro.com\/blog\/","name":"camforpro Blog","description":"","potentialAction":[{"@type":"SearchAction","target":{"@type":"EntryPoint","urlTemplate":"https:\/\/www.camforpro.com\/blog\/?s={search_term_string}"},"query-input":"required name=search_term_string"}],"inLanguage":"de"},{"@type":"ImageObject","@id":"https:\/\/www.camforpro.com\/blog\/wir-sind-08-09-maerz-wieder-auf-der-passion-bremen\/#primaryimage","inLanguage":"de","url":"https:\/\/www.camforpro.com\/blog\/wp-content\/uploads\/2014\/10\/Passion-Bremen.jpg","contentUrl":"https:\/\/www.camforpro.com\/blog\/wp-content\/uploads\/2014\/10\/Passion-Bremen.jpg","width":639,"height":833},{"@type":"WebPage","@id":"https:\/\/www.camforpro.com\/blog\/wir-sind-08-09-maerz-wieder-auf-der-passion-bremen\/#webpage","url":"https:\/\/www.camforpro.com\/blog\/wir-sind-08-09-maerz-wieder-auf-der-passion-bremen\/","name":"Wir sind am 08.+09. M\u00e4rz wieder auf der Passion in Bremen - camforpro Blog","isPartOf":{"@id":"https:\/\/www.camforpro.com\/blog\/#website"},"primaryImageOfPage":{"@id":"https:\/\/www.camforpro.com\/blog\/wir-sind-08-09-maerz-wieder-auf-der-passion-bremen\/#primaryimage"},"datePublished":"2014-03-03T22:00:57+00:00","dateModified":"2015-11-09T09:37:32+00:00","author":{"@id":"https:\/\/www.camforpro.com\/blog\/#\/schema\/person\/0b52bbaa8958b13d67074892c080680d"},"description":"Am 08.+09.03.2014 findet Ihr einen camforpro Stand auf der Passion in Bremen!","breadcrumb":{"@id":"https:\/\/www.camforpro.com\/blog\/wir-sind-08-09-maerz-wieder-auf-der-passion-bremen\/#breadcrumb"},"inLanguage":"de","potentialAction":[{"@type":"ReadAction","target":["https:\/\/www.camforpro.com\/blog\/wir-sind-08-09-maerz-wieder-auf-der-passion-bremen\/"]}]},{"@type":"BreadcrumbList","@id":"https:\/\/www.camforpro.com\/blog\/wir-sind-08-09-maerz-wieder-auf-der-passion-bremen\/#breadcrumb","itemListElement":[{"@type":"ListItem","position":1,"name":"Home","item":"https:\/\/www.camforpro.com\/blog\/"},{"@type":"ListItem","position":2,"name":"Wir sind am 08.+09. M\u00e4rz wieder auf der Passion in Bremen"}]},{"@type":"Person","@id":"https:\/\/www.camforpro.com\/blog\/#\/schema\/person\/0b52bbaa8958b13d67074892c080680d","name":"Stephan","image":{"@type":"ImageObject","@id":"https:\/\/www.camforpro.com\/blog\/#personlogo","inLanguage":"de","url":"https:\/\/secure.gravatar.com\/avatar\/7713bcb4f818cc58c5f4037663fb0cd3?s=96&d=mm&r=g","contentUrl":"https:\/\/secure.gravatar.com\/avatar\/7713bcb4f818cc58c5f4037663fb0cd3?s=96&d=mm&r=g","caption":"Stephan"},"url":"https:\/\/www.camforpro.com\/blog\/author\/stephan\/"}]}},"_links":{"self":[{"href":"https:\/\/www.camforpro.com\/blog\/wp-json\/wp\/v2\/posts\/285"}],"collection":[{"href":"https:\/\/www.camforpro.com\/blog\/wp-json\/wp\/v2\/posts"}],"about":[{"href":"https:\/\/www.camforpro.com\/blog\/wp-json\/wp\/v2\/types\/post"}],"author":[{"embeddable":true,"href":"https:\/\/www.camforpro.com\/blog\/wp-json\/wp\/v2\/users\/6"}],"replies":[{"embeddable":true,"href":"https:\/\/www.camforpro.com\/blog\/wp-json\/wp\/v2\/comments?post=285"}],"version-history":[{"count":2,"href":"https:\/\/www.camforpro.com\/blog\/wp-json\/wp\/v2\/posts\/285\/revisions"}],"predecessor-version":[{"id":288,"href":"https:\/\/www.camforpro.com\/blog\/wp-json\/wp\/v2\/posts\/285\/revisions\/288"}],"wp:featuredmedia":[{"embeddable":true,"href":"https:\/\/www.camforpro.com\/blog\/wp-json\/wp\/v2\/media\/286"}],"wp:attachment":[{"href":"https:\/\/www.camforpro.com\/blog\/wp-json\/wp\/v2\/media?parent=285"}],"wp:term":[{"taxonomy":"category","embeddable":true,"href":"https:\/\/www.camforpro.com\/blog\/wp-json\/wp\/v2\/categories?post=285"},{"taxonomy":"post_tag","embeddable":true,"href":"https:\/\/www.camforpro.com\/blog\/wp-json\/wp\/v2\/tags?post=285"}],"curies":[{"name":"wp","href":"https:\/\/api.w.org\/{rel}","templated":true}]}}