{"id":260,"date":"2014-06-12T09:52:20","date_gmt":"2014-06-12T07:52:20","guid":{"rendered":"http:\/\/camforpro.com.s2.sellitsmart.de\/blog\/?p=260"},"modified":"2015-11-09T11:48:20","modified_gmt":"2015-11-09T09:48:20","slug":"camforpro-auf-dem-4-lumix-festival-hannover","status":"publish","type":"post","link":"https:\/\/www.camforpro.com\/blog\/camforpro-auf-dem-4-lumix-festival-hannover\/","title":{"rendered":"camforpro auf dem 4. Lumix-Festival in Hannover"},"content":{"rendered":"<div dir=\"ltr\">Zum vierten Mal kommen die besten Nachwuchsfotografen aus der ganzen Welt nach Hannover. Der neu gegr\u00fcndete Verein zur F\u00f6rderung der Fotografie in Hannover e.V. verwandelt vom 18. bis zum 22. Juni 2014 gemeinsam mit der Hochschule Hannover und mit Unterst\u00fctzung von der FotografInnen-Vereinigung Freelens das ehemalige Expo-Gel\u00e4nde in Hannover in eine riesige Fotoschau.<\/div>\n<div dir=\"ltr\"><\/div>\n<div dir=\"ltr\"><a href=\"http:\/\/camforpro.com.s2.sellitsmart.de\/blog\/wp-content\/uploads\/2014\/10\/Lumix-Festival.jpg\"><img loading=\"lazy\" class=\"alignnone  wp-image-261\" src=\"http:\/\/camforpro.com.s2.sellitsmart.de\/blog\/wp-content\/uploads\/2014\/10\/Lumix-Festival.jpg\" alt=\"Lumix Festival\" width=\"451\" height=\"338\" srcset=\"https:\/\/www.camforpro.com\/blog\/wp-content\/uploads\/2014\/10\/Lumix-Festival.jpg 720w, https:\/\/www.camforpro.com\/blog\/wp-content\/uploads\/2014\/10\/Lumix-Festival-300x225.jpg 300w, https:\/\/www.camforpro.com\/blog\/wp-content\/uploads\/2014\/10\/Lumix-Festival-260x195.jpg 260w, https:\/\/www.camforpro.com\/blog\/wp-content\/uploads\/2014\/10\/Lumix-Festival-640x480.jpg 640w\" sizes=\"(max-width: 451px) 100vw, 451px\" \/><\/a><\/div>\n<p>&nbsp;<\/p>\n<p>60 Fotoserien junger Fotografen, die das 35. Lebensjahr noch nicht \u00fcberschritten haben, sind aus 1200 Einsendungen aus 71 L\u00e4ndern ausgew\u00e4hlt worden vorgestellt. Au\u00dferdem gibt es Vortr\u00e4ge namhafter und etablierter Fotoschaffender, eine Foto-Technikschau, ein Symposium und Preisverleihungen.<br \/>\nHier findet Ihr das Gesamt-Programm f\u00fcr alle 5 Festival-Tage:<\/p>\n<p><a href=\"http:\/\/www.fotofestival-hannover.de\/programm.html\">www.fotofestival-hannover.de\/programm.html<\/a><\/p>\n<p>Wir werden einen kleinen Stand vor Ort haben und ein paar Neuheiten pr\u00e4sentieren. Es lohnt sich sicher vorbeizukommen!<\/p>\n","protected":false},"excerpt":{"rendered":"<p>Zum vierten Mal kommen die besten Nachwuchsfotografen aus der ganzen Welt nach Hannover. Der neu gegr\u00fcndete Verein zur F\u00f6rderung der Fotografie in Hannover e.V. verwandelt vom 18. bis zum 22. Juni 2014 gemeinsam mit der Hochschule Hannover und mit Unterst\u00fctzung von der FotografInnen-Vereinigung Freelens das ehemalige Expo-Gel\u00e4nde in Hannover in eine riesige Fotoschau. &nbsp; 60 [&hellip;]<\/p>\n","protected":false},"author":6,"featured_media":261,"comment_status":"open","ping_status":"open","sticky":false,"template":"","format":"standard","meta":[],"categories":[4],"tags":[108,107,109],"yoast_head":"<!-- This site is optimized with the Yoast SEO plugin v18.4.1 - https:\/\/yoast.com\/wordpress\/plugins\/seo\/ -->\n<title>camforpro auf dem 4. Lumix-Festival in Hannover - camforpro Blog<\/title>\n<meta name=\"description\" content=\"Auf dem Lumix Festival in Hannover pr\u00e4sentieren 60 junge Fotografen ihre Werke und camforpro ist mit einem Stand vor Ort\" \/>\n<meta name=\"robots\" content=\"index, follow, max-snippet:-1, max-image-preview:large, max-video-preview:-1\" \/>\n<link rel=\"canonical\" href=\"https:\/\/www.camforpro.com\/blog\/camforpro-auf-dem-4-lumix-festival-hannover\/\" \/>\n<meta property=\"og:locale\" content=\"de_DE\" \/>\n<meta property=\"og:type\" content=\"article\" \/>\n<meta property=\"og:title\" content=\"camforpro auf dem 4. Lumix-Festival in Hannover - camforpro Blog\" \/>\n<meta property=\"og:description\" content=\"Auf dem Lumix Festival in Hannover pr\u00e4sentieren 60 junge Fotografen ihre Werke und camforpro ist mit einem Stand vor Ort\" \/>\n<meta property=\"og:url\" content=\"https:\/\/www.camforpro.com\/blog\/camforpro-auf-dem-4-lumix-festival-hannover\/\" \/>\n<meta property=\"og:site_name\" content=\"camforpro Blog\" \/>\n<meta property=\"article:publisher\" content=\"http:\/\/www.facebook.com\/camforpro\/?fref=ts\" \/>\n<meta property=\"article:published_time\" content=\"2014-06-12T07:52:20+00:00\" \/>\n<meta property=\"article:modified_time\" content=\"2015-11-09T09:48:20+00:00\" \/>\n<meta property=\"og:image\" content=\"https:\/\/www.camforpro.com\/blog\/wp-content\/uploads\/2014\/10\/Lumix-Festival.jpg\" \/>\n\t<meta property=\"og:image:width\" content=\"720\" \/>\n\t<meta property=\"og:image:height\" content=\"540\" \/>\n\t<meta property=\"og:image:type\" content=\"image\/jpeg\" \/>\n<meta name=\"twitter:card\" content=\"summary\" \/>\n<meta name=\"twitter:label1\" content=\"Verfasst von\" \/>\n\t<meta name=\"twitter:data1\" content=\"Stephan\" \/>\n\t<meta name=\"twitter:label2\" content=\"Gesch\u00e4tzte Lesezeit\" \/>\n\t<meta name=\"twitter:data2\" content=\"1\u00a0Minute\" \/>\n<script type=\"application\/ld+json\" class=\"yoast-schema-graph\">{\"@context\":\"https:\/\/schema.org\",\"@graph\":[{\"@type\":\"WebSite\",\"@id\":\"https:\/\/www.camforpro.com\/blog\/#website\",\"url\":\"https:\/\/www.camforpro.com\/blog\/\",\"name\":\"camforpro Blog\",\"description\":\"\",\"potentialAction\":[{\"@type\":\"SearchAction\",\"target\":{\"@type\":\"EntryPoint\",\"urlTemplate\":\"https:\/\/www.camforpro.com\/blog\/?s={search_term_string}\"},\"query-input\":\"required name=search_term_string\"}],\"inLanguage\":\"de\"},{\"@type\":\"ImageObject\",\"@id\":\"https:\/\/www.camforpro.com\/blog\/camforpro-auf-dem-4-lumix-festival-hannover\/#primaryimage\",\"inLanguage\":\"de\",\"url\":\"https:\/\/www.camforpro.com\/blog\/wp-content\/uploads\/2014\/10\/Lumix-Festival.jpg\",\"contentUrl\":\"https:\/\/www.camforpro.com\/blog\/wp-content\/uploads\/2014\/10\/Lumix-Festival.jpg\",\"width\":720,\"height\":540},{\"@type\":\"WebPage\",\"@id\":\"https:\/\/www.camforpro.com\/blog\/camforpro-auf-dem-4-lumix-festival-hannover\/#webpage\",\"url\":\"https:\/\/www.camforpro.com\/blog\/camforpro-auf-dem-4-lumix-festival-hannover\/\",\"name\":\"camforpro auf dem 4. Lumix-Festival in Hannover - camforpro Blog\",\"isPartOf\":{\"@id\":\"https:\/\/www.camforpro.com\/blog\/#website\"},\"primaryImageOfPage\":{\"@id\":\"https:\/\/www.camforpro.com\/blog\/camforpro-auf-dem-4-lumix-festival-hannover\/#primaryimage\"},\"datePublished\":\"2014-06-12T07:52:20+00:00\",\"dateModified\":\"2015-11-09T09:48:20+00:00\",\"author\":{\"@id\":\"https:\/\/www.camforpro.com\/blog\/#\/schema\/person\/0b52bbaa8958b13d67074892c080680d\"},\"description\":\"Auf dem Lumix Festival in Hannover pr\u00e4sentieren 60 junge Fotografen ihre Werke und camforpro ist mit einem Stand vor Ort\",\"breadcrumb\":{\"@id\":\"https:\/\/www.camforpro.com\/blog\/camforpro-auf-dem-4-lumix-festival-hannover\/#breadcrumb\"},\"inLanguage\":\"de\",\"potentialAction\":[{\"@type\":\"ReadAction\",\"target\":[\"https:\/\/www.camforpro.com\/blog\/camforpro-auf-dem-4-lumix-festival-hannover\/\"]}]},{\"@type\":\"BreadcrumbList\",\"@id\":\"https:\/\/www.camforpro.com\/blog\/camforpro-auf-dem-4-lumix-festival-hannover\/#breadcrumb\",\"itemListElement\":[{\"@type\":\"ListItem\",\"position\":1,\"name\":\"Home\",\"item\":\"https:\/\/www.camforpro.com\/blog\/\"},{\"@type\":\"ListItem\",\"position\":2,\"name\":\"camforpro auf dem 4. Lumix-Festival in Hannover\"}]},{\"@type\":\"Person\",\"@id\":\"https:\/\/www.camforpro.com\/blog\/#\/schema\/person\/0b52bbaa8958b13d67074892c080680d\",\"name\":\"Stephan\",\"image\":{\"@type\":\"ImageObject\",\"@id\":\"https:\/\/www.camforpro.com\/blog\/#personlogo\",\"inLanguage\":\"de\",\"url\":\"https:\/\/secure.gravatar.com\/avatar\/7713bcb4f818cc58c5f4037663fb0cd3?s=96&d=mm&r=g\",\"contentUrl\":\"https:\/\/secure.gravatar.com\/avatar\/7713bcb4f818cc58c5f4037663fb0cd3?s=96&d=mm&r=g\",\"caption\":\"Stephan\"},\"url\":\"https:\/\/www.camforpro.com\/blog\/author\/stephan\/\"}]}<\/script>\n<!-- \/ Yoast SEO plugin. -->","yoast_head_json":{"title":"camforpro auf dem 4. Lumix-Festival in Hannover - camforpro Blog","description":"Auf dem Lumix Festival in Hannover pr\u00e4sentieren 60 junge Fotografen ihre Werke und camforpro ist mit einem Stand vor Ort","robots":{"index":"index","follow":"follow","max-snippet":"max-snippet:-1","max-image-preview":"max-image-preview:large","max-video-preview":"max-video-preview:-1"},"canonical":"https:\/\/www.camforpro.com\/blog\/camforpro-auf-dem-4-lumix-festival-hannover\/","og_locale":"de_DE","og_type":"article","og_title":"camforpro auf dem 4. Lumix-Festival in Hannover - camforpro Blog","og_description":"Auf dem Lumix Festival in Hannover pr\u00e4sentieren 60 junge Fotografen ihre Werke und camforpro ist mit einem Stand vor Ort","og_url":"https:\/\/www.camforpro.com\/blog\/camforpro-auf-dem-4-lumix-festival-hannover\/","og_site_name":"camforpro Blog","article_publisher":"http:\/\/www.facebook.com\/camforpro\/?fref=ts","article_published_time":"2014-06-12T07:52:20+00:00","article_modified_time":"2015-11-09T09:48:20+00:00","og_image":[{"width":720,"height":540,"url":"https:\/\/www.camforpro.com\/blog\/wp-content\/uploads\/2014\/10\/Lumix-Festival.jpg","type":"image\/jpeg"}],"twitter_card":"summary","twitter_misc":{"Verfasst von":"Stephan","Gesch\u00e4tzte Lesezeit":"1\u00a0Minute"},"schema":{"@context":"https:\/\/schema.org","@graph":[{"@type":"WebSite","@id":"https:\/\/www.camforpro.com\/blog\/#website","url":"https:\/\/www.camforpro.com\/blog\/","name":"camforpro Blog","description":"","potentialAction":[{"@type":"SearchAction","target":{"@type":"EntryPoint","urlTemplate":"https:\/\/www.camforpro.com\/blog\/?s={search_term_string}"},"query-input":"required name=search_term_string"}],"inLanguage":"de"},{"@type":"ImageObject","@id":"https:\/\/www.camforpro.com\/blog\/camforpro-auf-dem-4-lumix-festival-hannover\/#primaryimage","inLanguage":"de","url":"https:\/\/www.camforpro.com\/blog\/wp-content\/uploads\/2014\/10\/Lumix-Festival.jpg","contentUrl":"https:\/\/www.camforpro.com\/blog\/wp-content\/uploads\/2014\/10\/Lumix-Festival.jpg","width":720,"height":540},{"@type":"WebPage","@id":"https:\/\/www.camforpro.com\/blog\/camforpro-auf-dem-4-lumix-festival-hannover\/#webpage","url":"https:\/\/www.camforpro.com\/blog\/camforpro-auf-dem-4-lumix-festival-hannover\/","name":"camforpro auf dem 4. Lumix-Festival in Hannover - camforpro Blog","isPartOf":{"@id":"https:\/\/www.camforpro.com\/blog\/#website"},"primaryImageOfPage":{"@id":"https:\/\/www.camforpro.com\/blog\/camforpro-auf-dem-4-lumix-festival-hannover\/#primaryimage"},"datePublished":"2014-06-12T07:52:20+00:00","dateModified":"2015-11-09T09:48:20+00:00","author":{"@id":"https:\/\/www.camforpro.com\/blog\/#\/schema\/person\/0b52bbaa8958b13d67074892c080680d"},"description":"Auf dem Lumix Festival in Hannover pr\u00e4sentieren 60 junge Fotografen ihre Werke und camforpro ist mit einem Stand vor Ort","breadcrumb":{"@id":"https:\/\/www.camforpro.com\/blog\/camforpro-auf-dem-4-lumix-festival-hannover\/#breadcrumb"},"inLanguage":"de","potentialAction":[{"@type":"ReadAction","target":["https:\/\/www.camforpro.com\/blog\/camforpro-auf-dem-4-lumix-festival-hannover\/"]}]},{"@type":"BreadcrumbList","@id":"https:\/\/www.camforpro.com\/blog\/camforpro-auf-dem-4-lumix-festival-hannover\/#breadcrumb","itemListElement":[{"@type":"ListItem","position":1,"name":"Home","item":"https:\/\/www.camforpro.com\/blog\/"},{"@type":"ListItem","position":2,"name":"camforpro auf dem 4. Lumix-Festival in Hannover"}]},{"@type":"Person","@id":"https:\/\/www.camforpro.com\/blog\/#\/schema\/person\/0b52bbaa8958b13d67074892c080680d","name":"Stephan","image":{"@type":"ImageObject","@id":"https:\/\/www.camforpro.com\/blog\/#personlogo","inLanguage":"de","url":"https:\/\/secure.gravatar.com\/avatar\/7713bcb4f818cc58c5f4037663fb0cd3?s=96&d=mm&r=g","contentUrl":"https:\/\/secure.gravatar.com\/avatar\/7713bcb4f818cc58c5f4037663fb0cd3?s=96&d=mm&r=g","caption":"Stephan"},"url":"https:\/\/www.camforpro.com\/blog\/author\/stephan\/"}]}},"_links":{"self":[{"href":"https:\/\/www.camforpro.com\/blog\/wp-json\/wp\/v2\/posts\/260"}],"collection":[{"href":"https:\/\/www.camforpro.com\/blog\/wp-json\/wp\/v2\/posts"}],"about":[{"href":"https:\/\/www.camforpro.com\/blog\/wp-json\/wp\/v2\/types\/post"}],"author":[{"embeddable":true,"href":"https:\/\/www.camforpro.com\/blog\/wp-json\/wp\/v2\/users\/6"}],"replies":[{"embeddable":true,"href":"https:\/\/www.camforpro.com\/blog\/wp-json\/wp\/v2\/comments?post=260"}],"version-history":[{"count":1,"href":"https:\/\/www.camforpro.com\/blog\/wp-json\/wp\/v2\/posts\/260\/revisions"}],"predecessor-version":[{"id":262,"href":"https:\/\/www.camforpro.com\/blog\/wp-json\/wp\/v2\/posts\/260\/revisions\/262"}],"wp:featuredmedia":[{"embeddable":true,"href":"https:\/\/www.camforpro.com\/blog\/wp-json\/wp\/v2\/media\/261"}],"wp:attachment":[{"href":"https:\/\/www.camforpro.com\/blog\/wp-json\/wp\/v2\/media?parent=260"}],"wp:term":[{"taxonomy":"category","embeddable":true,"href":"https:\/\/www.camforpro.com\/blog\/wp-json\/wp\/v2\/categories?post=260"},{"taxonomy":"post_tag","embeddable":true,"href":"https:\/\/www.camforpro.com\/blog\/wp-json\/wp\/v2\/tags?post=260"}],"curies":[{"name":"wp","href":"https:\/\/api.w.org\/{rel}","templated":true}]}}