{"id":257,"date":"2014-06-16T16:32:45","date_gmt":"2014-06-16T14:32:45","guid":{"rendered":"http:\/\/camforpro.com.s2.sellitsmart.de\/blog\/?p=257"},"modified":"2014-10-29T18:32:58","modified_gmt":"2014-10-29T16:32:58","slug":"gopro-und-bmw-kooperieren","status":"publish","type":"post","link":"https:\/\/www.camforpro.com\/blog\/gopro-und-bmw-kooperieren\/","title":{"rendered":"GoPro und BMW kooperieren"},"content":{"rendered":"<p>GoPro und BMW erm\u00f6glichen Steuerung \u00fcber das Armaturenbrett<\/p>\n<p>Eine Kooperation zwischen GoPro und dem Autohersteller BMW erm\u00f6glicht ab sofort die unkomplizierte und sichere Steuerung der GoPro \u00fcber den Bordcomputer. Mit einem einfachen Klick auf \u201eRecord\u201c erwacht in BMW- und Mini-Modellen, die das konzerneigene App-System integriert haben (ab Baujahr 2012), die GoPro zum Leben und erm\u00f6glicht so Aufnahmen w\u00e4hrend der Fahrt. Auf Kameraseite ist ein WiFi-kompatibles Modell der Hero3+ Serie n\u00f6tig. Mit der iPhone App kann die Kamera dann \u00fcber das Auto gesteuert und w\u00e4hrend der Fahrt bedient werden. Zudem kann der Fahrer das Kamerasichtfeld genau einsehen.<\/p>\n<p>\u201eGoPro ist ein idealer Partner f\u00fcr enthusiastische BMW-Fahrer\u201c, so Phil Johnston, Head of BMW Group AppCenter USA. Die Macher sehen die Vorteile in der Sicherheit im Stra\u00dfenverkehr und der gleichzeitigen vollen Aussch\u00f6pfung der Funktionen der Actionsport-Kamera. Die BMW-Integration bietet zudem auch eigene Kamera-Einstellungen f\u00fcr die Autofahrt, wie beispielsweise \u201eNight Driving\u201c. Die Zusammenarbeit mit der Technikabteilung von BMW ist die erste Kooperation GoPro\u2019s mit einem Autohersteller.<\/p>\n<p><a href=\"http:\/\/camforpro.com.s2.sellitsmart.de\/blog\/wp-content\/uploads\/2014\/10\/BMW-und-GoPro.jpg\"><img loading=\"lazy\" class=\"alignnone  wp-image-258\" src=\"http:\/\/camforpro.com.s2.sellitsmart.de\/blog\/wp-content\/uploads\/2014\/10\/BMW-und-GoPro.jpg\" alt=\"BMW und GoPro\" width=\"451\" height=\"297\" srcset=\"https:\/\/www.camforpro.com\/blog\/wp-content\/uploads\/2014\/10\/BMW-und-GoPro.jpg 630w, https:\/\/www.camforpro.com\/blog\/wp-content\/uploads\/2014\/10\/BMW-und-GoPro-300x198.jpg 300w\" sizes=\"(max-width: 451px) 100vw, 451px\" \/><\/a><\/p>\n<p>Quelle: <a href=\"http:\/\/techcrunch.com\/2014\/06\/13\/a-bmw-can-now-control-a-gopro-camera-because-why-not\/\">techcrunch.com <\/a>Bild: Hersteller<\/p>\n","protected":false},"excerpt":{"rendered":"<p>GoPro und BMW erm\u00f6glichen Steuerung \u00fcber das Armaturenbrett Eine Kooperation zwischen GoPro und dem Autohersteller BMW erm\u00f6glicht ab sofort die unkomplizierte und sichere Steuerung der GoPro \u00fcber den Bordcomputer. Mit einem einfachen Klick auf \u201eRecord\u201c erwacht in BMW- und Mini-Modellen, die das konzerneigene App-System integriert haben (ab Baujahr 2012), die GoPro zum Leben und erm\u00f6glicht [&hellip;]<\/p>\n","protected":false},"author":4,"featured_media":258,"comment_status":"open","ping_status":"open","sticky":false,"template":"","format":"standard","meta":[],"categories":[12],"tags":[105,8,106],"yoast_head":"<!-- This site is optimized with the Yoast SEO plugin v18.4.1 - https:\/\/yoast.com\/wordpress\/plugins\/seo\/ -->\n<title>GoPro und BMW kooperieren - camforpro Blog<\/title>\n<meta name=\"description\" content=\"GoPro und BMW kooperieren und erm\u00f6glichen Dir eine Steuerung Deiner GoPro \u00fcber das Armaturenbrett\" \/>\n<meta name=\"robots\" content=\"index, follow, max-snippet:-1, max-image-preview:large, max-video-preview:-1\" \/>\n<link rel=\"canonical\" href=\"https:\/\/www.camforpro.com\/blog\/gopro-und-bmw-kooperieren\/\" \/>\n<meta property=\"og:locale\" content=\"de_DE\" \/>\n<meta property=\"og:type\" content=\"article\" \/>\n<meta property=\"og:title\" content=\"GoPro und BMW kooperieren - camforpro Blog\" \/>\n<meta property=\"og:description\" content=\"GoPro und BMW kooperieren und erm\u00f6glichen Dir eine Steuerung Deiner GoPro \u00fcber das Armaturenbrett\" \/>\n<meta property=\"og:url\" content=\"https:\/\/www.camforpro.com\/blog\/gopro-und-bmw-kooperieren\/\" \/>\n<meta property=\"og:site_name\" content=\"camforpro Blog\" \/>\n<meta property=\"article:publisher\" content=\"http:\/\/www.facebook.com\/camforpro\/?fref=ts\" \/>\n<meta property=\"article:published_time\" content=\"2014-06-16T14:32:45+00:00\" \/>\n<meta property=\"article:modified_time\" content=\"2014-10-29T16:32:58+00:00\" \/>\n<meta property=\"og:image\" content=\"https:\/\/www.camforpro.com\/blog\/wp-content\/uploads\/2014\/10\/BMW-und-GoPro.jpg\" \/>\n\t<meta property=\"og:image:width\" content=\"630\" \/>\n\t<meta property=\"og:image:height\" content=\"415\" \/>\n\t<meta property=\"og:image:type\" content=\"image\/jpeg\" \/>\n<meta name=\"twitter:card\" content=\"summary\" \/>\n<meta name=\"twitter:label1\" content=\"Verfasst von\" \/>\n\t<meta name=\"twitter:data1\" content=\"Nina\" \/>\n\t<meta name=\"twitter:label2\" content=\"Gesch\u00e4tzte Lesezeit\" \/>\n\t<meta name=\"twitter:data2\" content=\"1\u00a0Minute\" \/>\n<script type=\"application\/ld+json\" class=\"yoast-schema-graph\">{\"@context\":\"https:\/\/schema.org\",\"@graph\":[{\"@type\":\"WebSite\",\"@id\":\"https:\/\/www.camforpro.com\/blog\/#website\",\"url\":\"https:\/\/www.camforpro.com\/blog\/\",\"name\":\"camforpro Blog\",\"description\":\"\",\"potentialAction\":[{\"@type\":\"SearchAction\",\"target\":{\"@type\":\"EntryPoint\",\"urlTemplate\":\"https:\/\/www.camforpro.com\/blog\/?s={search_term_string}\"},\"query-input\":\"required name=search_term_string\"}],\"inLanguage\":\"de\"},{\"@type\":\"ImageObject\",\"@id\":\"https:\/\/www.camforpro.com\/blog\/gopro-und-bmw-kooperieren\/#primaryimage\",\"inLanguage\":\"de\",\"url\":\"https:\/\/www.camforpro.com\/blog\/wp-content\/uploads\/2014\/10\/BMW-und-GoPro.jpg\",\"contentUrl\":\"https:\/\/www.camforpro.com\/blog\/wp-content\/uploads\/2014\/10\/BMW-und-GoPro.jpg\",\"width\":630,\"height\":415},{\"@type\":\"WebPage\",\"@id\":\"https:\/\/www.camforpro.com\/blog\/gopro-und-bmw-kooperieren\/#webpage\",\"url\":\"https:\/\/www.camforpro.com\/blog\/gopro-und-bmw-kooperieren\/\",\"name\":\"GoPro und BMW kooperieren - camforpro Blog\",\"isPartOf\":{\"@id\":\"https:\/\/www.camforpro.com\/blog\/#website\"},\"primaryImageOfPage\":{\"@id\":\"https:\/\/www.camforpro.com\/blog\/gopro-und-bmw-kooperieren\/#primaryimage\"},\"datePublished\":\"2014-06-16T14:32:45+00:00\",\"dateModified\":\"2014-10-29T16:32:58+00:00\",\"author\":{\"@id\":\"https:\/\/www.camforpro.com\/blog\/#\/schema\/person\/4b7205de4bc825fea14712a118bae244\"},\"description\":\"GoPro und BMW kooperieren und erm\u00f6glichen Dir eine Steuerung Deiner GoPro \u00fcber das Armaturenbrett\",\"breadcrumb\":{\"@id\":\"https:\/\/www.camforpro.com\/blog\/gopro-und-bmw-kooperieren\/#breadcrumb\"},\"inLanguage\":\"de\",\"potentialAction\":[{\"@type\":\"ReadAction\",\"target\":[\"https:\/\/www.camforpro.com\/blog\/gopro-und-bmw-kooperieren\/\"]}]},{\"@type\":\"BreadcrumbList\",\"@id\":\"https:\/\/www.camforpro.com\/blog\/gopro-und-bmw-kooperieren\/#breadcrumb\",\"itemListElement\":[{\"@type\":\"ListItem\",\"position\":1,\"name\":\"Home\",\"item\":\"https:\/\/www.camforpro.com\/blog\/\"},{\"@type\":\"ListItem\",\"position\":2,\"name\":\"GoPro und BMW kooperieren\"}]},{\"@type\":\"Person\",\"@id\":\"https:\/\/www.camforpro.com\/blog\/#\/schema\/person\/4b7205de4bc825fea14712a118bae244\",\"name\":\"Nina\",\"image\":{\"@type\":\"ImageObject\",\"@id\":\"https:\/\/www.camforpro.com\/blog\/#personlogo\",\"inLanguage\":\"de\",\"url\":\"https:\/\/secure.gravatar.com\/avatar\/348e6632a71ae66b517a24fbaf840d9c?s=96&d=mm&r=g\",\"contentUrl\":\"https:\/\/secure.gravatar.com\/avatar\/348e6632a71ae66b517a24fbaf840d9c?s=96&d=mm&r=g\",\"caption\":\"Nina\"},\"url\":\"https:\/\/www.camforpro.com\/blog\/author\/nina\/\"}]}<\/script>\n<!-- \/ Yoast SEO plugin. -->","yoast_head_json":{"title":"GoPro und BMW kooperieren - camforpro Blog","description":"GoPro und BMW kooperieren und erm\u00f6glichen Dir eine Steuerung Deiner GoPro \u00fcber das Armaturenbrett","robots":{"index":"index","follow":"follow","max-snippet":"max-snippet:-1","max-image-preview":"max-image-preview:large","max-video-preview":"max-video-preview:-1"},"canonical":"https:\/\/www.camforpro.com\/blog\/gopro-und-bmw-kooperieren\/","og_locale":"de_DE","og_type":"article","og_title":"GoPro und BMW kooperieren - camforpro Blog","og_description":"GoPro und BMW kooperieren und erm\u00f6glichen Dir eine Steuerung Deiner GoPro \u00fcber das Armaturenbrett","og_url":"https:\/\/www.camforpro.com\/blog\/gopro-und-bmw-kooperieren\/","og_site_name":"camforpro Blog","article_publisher":"http:\/\/www.facebook.com\/camforpro\/?fref=ts","article_published_time":"2014-06-16T14:32:45+00:00","article_modified_time":"2014-10-29T16:32:58+00:00","og_image":[{"width":630,"height":415,"url":"https:\/\/www.camforpro.com\/blog\/wp-content\/uploads\/2014\/10\/BMW-und-GoPro.jpg","type":"image\/jpeg"}],"twitter_card":"summary","twitter_misc":{"Verfasst von":"Nina","Gesch\u00e4tzte Lesezeit":"1\u00a0Minute"},"schema":{"@context":"https:\/\/schema.org","@graph":[{"@type":"WebSite","@id":"https:\/\/www.camforpro.com\/blog\/#website","url":"https:\/\/www.camforpro.com\/blog\/","name":"camforpro Blog","description":"","potentialAction":[{"@type":"SearchAction","target":{"@type":"EntryPoint","urlTemplate":"https:\/\/www.camforpro.com\/blog\/?s={search_term_string}"},"query-input":"required name=search_term_string"}],"inLanguage":"de"},{"@type":"ImageObject","@id":"https:\/\/www.camforpro.com\/blog\/gopro-und-bmw-kooperieren\/#primaryimage","inLanguage":"de","url":"https:\/\/www.camforpro.com\/blog\/wp-content\/uploads\/2014\/10\/BMW-und-GoPro.jpg","contentUrl":"https:\/\/www.camforpro.com\/blog\/wp-content\/uploads\/2014\/10\/BMW-und-GoPro.jpg","width":630,"height":415},{"@type":"WebPage","@id":"https:\/\/www.camforpro.com\/blog\/gopro-und-bmw-kooperieren\/#webpage","url":"https:\/\/www.camforpro.com\/blog\/gopro-und-bmw-kooperieren\/","name":"GoPro und BMW kooperieren - camforpro Blog","isPartOf":{"@id":"https:\/\/www.camforpro.com\/blog\/#website"},"primaryImageOfPage":{"@id":"https:\/\/www.camforpro.com\/blog\/gopro-und-bmw-kooperieren\/#primaryimage"},"datePublished":"2014-06-16T14:32:45+00:00","dateModified":"2014-10-29T16:32:58+00:00","author":{"@id":"https:\/\/www.camforpro.com\/blog\/#\/schema\/person\/4b7205de4bc825fea14712a118bae244"},"description":"GoPro und BMW kooperieren und erm\u00f6glichen Dir eine Steuerung Deiner GoPro \u00fcber das Armaturenbrett","breadcrumb":{"@id":"https:\/\/www.camforpro.com\/blog\/gopro-und-bmw-kooperieren\/#breadcrumb"},"inLanguage":"de","potentialAction":[{"@type":"ReadAction","target":["https:\/\/www.camforpro.com\/blog\/gopro-und-bmw-kooperieren\/"]}]},{"@type":"BreadcrumbList","@id":"https:\/\/www.camforpro.com\/blog\/gopro-und-bmw-kooperieren\/#breadcrumb","itemListElement":[{"@type":"ListItem","position":1,"name":"Home","item":"https:\/\/www.camforpro.com\/blog\/"},{"@type":"ListItem","position":2,"name":"GoPro und BMW kooperieren"}]},{"@type":"Person","@id":"https:\/\/www.camforpro.com\/blog\/#\/schema\/person\/4b7205de4bc825fea14712a118bae244","name":"Nina","image":{"@type":"ImageObject","@id":"https:\/\/www.camforpro.com\/blog\/#personlogo","inLanguage":"de","url":"https:\/\/secure.gravatar.com\/avatar\/348e6632a71ae66b517a24fbaf840d9c?s=96&d=mm&r=g","contentUrl":"https:\/\/secure.gravatar.com\/avatar\/348e6632a71ae66b517a24fbaf840d9c?s=96&d=mm&r=g","caption":"Nina"},"url":"https:\/\/www.camforpro.com\/blog\/author\/nina\/"}]}},"_links":{"self":[{"href":"https:\/\/www.camforpro.com\/blog\/wp-json\/wp\/v2\/posts\/257"}],"collection":[{"href":"https:\/\/www.camforpro.com\/blog\/wp-json\/wp\/v2\/posts"}],"about":[{"href":"https:\/\/www.camforpro.com\/blog\/wp-json\/wp\/v2\/types\/post"}],"author":[{"embeddable":true,"href":"https:\/\/www.camforpro.com\/blog\/wp-json\/wp\/v2\/users\/4"}],"replies":[{"embeddable":true,"href":"https:\/\/www.camforpro.com\/blog\/wp-json\/wp\/v2\/comments?post=257"}],"version-history":[{"count":1,"href":"https:\/\/www.camforpro.com\/blog\/wp-json\/wp\/v2\/posts\/257\/revisions"}],"predecessor-version":[{"id":259,"href":"https:\/\/www.camforpro.com\/blog\/wp-json\/wp\/v2\/posts\/257\/revisions\/259"}],"wp:featuredmedia":[{"embeddable":true,"href":"https:\/\/www.camforpro.com\/blog\/wp-json\/wp\/v2\/media\/258"}],"wp:attachment":[{"href":"https:\/\/www.camforpro.com\/blog\/wp-json\/wp\/v2\/media?parent=257"}],"wp:term":[{"taxonomy":"category","embeddable":true,"href":"https:\/\/www.camforpro.com\/blog\/wp-json\/wp\/v2\/categories?post=257"},{"taxonomy":"post_tag","embeddable":true,"href":"https:\/\/www.camforpro.com\/blog\/wp-json\/wp\/v2\/tags?post=257"}],"curies":[{"name":"wp","href":"https:\/\/api.w.org\/{rel}","templated":true}]}}