{"id":185,"date":"2011-01-17T17:14:27","date_gmt":"2011-01-17T15:14:27","guid":{"rendered":"http:\/\/camforpro.com.s2.sellitsmart.de\/blog\/?p=185"},"modified":"2014-10-29T15:21:48","modified_gmt":"2014-10-29T13:21:48","slug":"camforpro-com-auf-der-kart-ausstellung-22-01-2011","status":"publish","type":"post","link":"https:\/\/www.camforpro.com\/blog\/camforpro-com-auf-der-kart-ausstellung-22-01-2011\/","title":{"rendered":"camforpro.com auf der Kart-Ausstellung am 22.01.2011"},"content":{"rendered":"<p><strong>Ihr findet uns am Samstag, den 22.01.2011 bei der 19. Internationalen Kart-Ausstellung in Offenbach auf dem Stand des Kart-Magazins.de A2A1-01!<br \/>\n<\/strong><br \/>\nIn Offenbach am Main seht Ihr am 22.-23. Januar 2011 auf rund 10.000 Quadratmeter, in\u00a08 Hallen\u00a0mit Eventcenter, alles Rund um`s Kart, Racing und Indoor, Rennsport, Hobby und Funbereich. Die grossen Marken des Kartsports sind ebenso vertreten, wie die &#8220;gem\u00e4\u00dfigten&#8221; Motoren f\u00fcr den Hobbybereich, dazu das ganz grosse Feld des Zubeh\u00f6rs, \u00fcber Fahreranz\u00fcge, Helme, Werkzeug bis hin zur GoPro! Aber auch der Indoorbereich, wie die Bahnplanung oder Ausstattung ist umfassend integriert. Also alles was zum Kartsport geh\u00f6rt, rundum! Angefangen hat alles im Jahr 1993 auf gerade einmal 900 Quadratmeter und heute ist die IKA in Offenbach-Main die weltweit gr\u00f6sste Kartmesse! Kommt vorbei und staunt \u00fcber die Vielfalt des Kart-Sports! Ich hoffe wir sehen uns!<\/p>\n<p><a href=\"http:\/\/camforpro.com.s2.sellitsmart.de\/blog\/wp-content\/uploads\/2014\/10\/camforpro-Kart.jpg\"><img loading=\"lazy\" class=\"alignnone  wp-image-186\" src=\"http:\/\/camforpro.com.s2.sellitsmart.de\/blog\/wp-content\/uploads\/2014\/10\/camforpro-Kart.jpg\" alt=\"camforpro Kart\" width=\"305\" height=\"429\" \/><\/a><\/p>\n<p>&nbsp;<\/p>\n","protected":false},"excerpt":{"rendered":"<p>Ihr findet uns am Samstag, den 22.01.2011 bei der 19. Internationalen Kart-Ausstellung in Offenbach auf dem Stand des Kart-Magazins.de A2A1-01! In Offenbach am Main seht Ihr am 22.-23. Januar 2011 auf rund 10.000 Quadratmeter, in\u00a08 Hallen\u00a0mit Eventcenter, alles Rund um`s Kart, Racing und Indoor, Rennsport, Hobby und Funbereich. Die grossen Marken des Kartsports sind ebenso [&hellip;]<\/p>\n","protected":false},"author":6,"featured_media":186,"comment_status":"open","ping_status":"open","sticky":false,"template":"","format":"standard","meta":[],"categories":[2],"tags":[70],"yoast_head":"<!-- This site is optimized with the Yoast SEO plugin v18.4.1 - https:\/\/yoast.com\/wordpress\/plugins\/seo\/ -->\n<title>camforpro.com auf der Kart-Ausstellung am 22.01.2011 - camforpro Blog<\/title>\n<meta name=\"description\" content=\"camforpro.com auf der Kart-Ausstellung Offenbach\" \/>\n<meta name=\"robots\" content=\"index, follow, max-snippet:-1, max-image-preview:large, max-video-preview:-1\" \/>\n<link rel=\"canonical\" href=\"https:\/\/www.camforpro.com\/blog\/camforpro-com-auf-der-kart-ausstellung-22-01-2011\/\" \/>\n<meta property=\"og:locale\" content=\"de_DE\" \/>\n<meta property=\"og:type\" content=\"article\" \/>\n<meta property=\"og:title\" content=\"camforpro.com auf der Kart-Ausstellung am 22.01.2011 - camforpro Blog\" \/>\n<meta property=\"og:description\" content=\"camforpro.com auf der Kart-Ausstellung Offenbach\" \/>\n<meta property=\"og:url\" content=\"https:\/\/www.camforpro.com\/blog\/camforpro-com-auf-der-kart-ausstellung-22-01-2011\/\" \/>\n<meta property=\"og:site_name\" content=\"camforpro Blog\" \/>\n<meta property=\"article:publisher\" content=\"http:\/\/www.facebook.com\/camforpro\/?fref=ts\" \/>\n<meta property=\"article:published_time\" content=\"2011-01-17T15:14:27+00:00\" \/>\n<meta property=\"article:modified_time\" content=\"2014-10-29T13:21:48+00:00\" \/>\n<meta property=\"og:image\" content=\"https:\/\/www.camforpro.com\/blog\/wp-content\/uploads\/2014\/10\/camforpro-Kart.jpg\" \/>\n\t<meta property=\"og:image:width\" content=\"195\" \/>\n\t<meta property=\"og:image:height\" content=\"274\" \/>\n\t<meta property=\"og:image:type\" content=\"image\/jpeg\" \/>\n<meta name=\"twitter:card\" content=\"summary\" \/>\n<meta name=\"twitter:label1\" content=\"Verfasst von\" \/>\n\t<meta name=\"twitter:data1\" content=\"Stephan\" \/>\n\t<meta name=\"twitter:label2\" content=\"Gesch\u00e4tzte Lesezeit\" \/>\n\t<meta name=\"twitter:data2\" content=\"1\u00a0Minute\" \/>\n<script type=\"application\/ld+json\" class=\"yoast-schema-graph\">{\"@context\":\"https:\/\/schema.org\",\"@graph\":[{\"@type\":\"WebSite\",\"@id\":\"https:\/\/www.camforpro.com\/blog\/#website\",\"url\":\"https:\/\/www.camforpro.com\/blog\/\",\"name\":\"camforpro Blog\",\"description\":\"\",\"potentialAction\":[{\"@type\":\"SearchAction\",\"target\":{\"@type\":\"EntryPoint\",\"urlTemplate\":\"https:\/\/www.camforpro.com\/blog\/?s={search_term_string}\"},\"query-input\":\"required name=search_term_string\"}],\"inLanguage\":\"de\"},{\"@type\":\"ImageObject\",\"@id\":\"https:\/\/www.camforpro.com\/blog\/camforpro-com-auf-der-kart-ausstellung-22-01-2011\/#primaryimage\",\"inLanguage\":\"de\",\"url\":\"https:\/\/www.camforpro.com\/blog\/wp-content\/uploads\/2014\/10\/camforpro-Kart.jpg\",\"contentUrl\":\"https:\/\/www.camforpro.com\/blog\/wp-content\/uploads\/2014\/10\/camforpro-Kart.jpg\",\"width\":195,\"height\":274},{\"@type\":\"WebPage\",\"@id\":\"https:\/\/www.camforpro.com\/blog\/camforpro-com-auf-der-kart-ausstellung-22-01-2011\/#webpage\",\"url\":\"https:\/\/www.camforpro.com\/blog\/camforpro-com-auf-der-kart-ausstellung-22-01-2011\/\",\"name\":\"camforpro.com auf der Kart-Ausstellung am 22.01.2011 - camforpro Blog\",\"isPartOf\":{\"@id\":\"https:\/\/www.camforpro.com\/blog\/#website\"},\"primaryImageOfPage\":{\"@id\":\"https:\/\/www.camforpro.com\/blog\/camforpro-com-auf-der-kart-ausstellung-22-01-2011\/#primaryimage\"},\"datePublished\":\"2011-01-17T15:14:27+00:00\",\"dateModified\":\"2014-10-29T13:21:48+00:00\",\"author\":{\"@id\":\"https:\/\/www.camforpro.com\/blog\/#\/schema\/person\/0b52bbaa8958b13d67074892c080680d\"},\"description\":\"camforpro.com auf der Kart-Ausstellung Offenbach\",\"breadcrumb\":{\"@id\":\"https:\/\/www.camforpro.com\/blog\/camforpro-com-auf-der-kart-ausstellung-22-01-2011\/#breadcrumb\"},\"inLanguage\":\"de\",\"potentialAction\":[{\"@type\":\"ReadAction\",\"target\":[\"https:\/\/www.camforpro.com\/blog\/camforpro-com-auf-der-kart-ausstellung-22-01-2011\/\"]}]},{\"@type\":\"BreadcrumbList\",\"@id\":\"https:\/\/www.camforpro.com\/blog\/camforpro-com-auf-der-kart-ausstellung-22-01-2011\/#breadcrumb\",\"itemListElement\":[{\"@type\":\"ListItem\",\"position\":1,\"name\":\"Home\",\"item\":\"https:\/\/www.camforpro.com\/blog\/\"},{\"@type\":\"ListItem\",\"position\":2,\"name\":\"camforpro.com auf der Kart-Ausstellung am 22.01.2011\"}]},{\"@type\":\"Person\",\"@id\":\"https:\/\/www.camforpro.com\/blog\/#\/schema\/person\/0b52bbaa8958b13d67074892c080680d\",\"name\":\"Stephan\",\"image\":{\"@type\":\"ImageObject\",\"@id\":\"https:\/\/www.camforpro.com\/blog\/#personlogo\",\"inLanguage\":\"de\",\"url\":\"https:\/\/secure.gravatar.com\/avatar\/7713bcb4f818cc58c5f4037663fb0cd3?s=96&d=mm&r=g\",\"contentUrl\":\"https:\/\/secure.gravatar.com\/avatar\/7713bcb4f818cc58c5f4037663fb0cd3?s=96&d=mm&r=g\",\"caption\":\"Stephan\"},\"url\":\"https:\/\/www.camforpro.com\/blog\/author\/stephan\/\"}]}<\/script>\n<!-- \/ Yoast SEO plugin. -->","yoast_head_json":{"title":"camforpro.com auf der Kart-Ausstellung am 22.01.2011 - camforpro Blog","description":"camforpro.com auf der Kart-Ausstellung Offenbach","robots":{"index":"index","follow":"follow","max-snippet":"max-snippet:-1","max-image-preview":"max-image-preview:large","max-video-preview":"max-video-preview:-1"},"canonical":"https:\/\/www.camforpro.com\/blog\/camforpro-com-auf-der-kart-ausstellung-22-01-2011\/","og_locale":"de_DE","og_type":"article","og_title":"camforpro.com auf der Kart-Ausstellung am 22.01.2011 - camforpro Blog","og_description":"camforpro.com auf der Kart-Ausstellung Offenbach","og_url":"https:\/\/www.camforpro.com\/blog\/camforpro-com-auf-der-kart-ausstellung-22-01-2011\/","og_site_name":"camforpro Blog","article_publisher":"http:\/\/www.facebook.com\/camforpro\/?fref=ts","article_published_time":"2011-01-17T15:14:27+00:00","article_modified_time":"2014-10-29T13:21:48+00:00","og_image":[{"width":195,"height":274,"url":"https:\/\/www.camforpro.com\/blog\/wp-content\/uploads\/2014\/10\/camforpro-Kart.jpg","type":"image\/jpeg"}],"twitter_card":"summary","twitter_misc":{"Verfasst von":"Stephan","Gesch\u00e4tzte Lesezeit":"1\u00a0Minute"},"schema":{"@context":"https:\/\/schema.org","@graph":[{"@type":"WebSite","@id":"https:\/\/www.camforpro.com\/blog\/#website","url":"https:\/\/www.camforpro.com\/blog\/","name":"camforpro Blog","description":"","potentialAction":[{"@type":"SearchAction","target":{"@type":"EntryPoint","urlTemplate":"https:\/\/www.camforpro.com\/blog\/?s={search_term_string}"},"query-input":"required name=search_term_string"}],"inLanguage":"de"},{"@type":"ImageObject","@id":"https:\/\/www.camforpro.com\/blog\/camforpro-com-auf-der-kart-ausstellung-22-01-2011\/#primaryimage","inLanguage":"de","url":"https:\/\/www.camforpro.com\/blog\/wp-content\/uploads\/2014\/10\/camforpro-Kart.jpg","contentUrl":"https:\/\/www.camforpro.com\/blog\/wp-content\/uploads\/2014\/10\/camforpro-Kart.jpg","width":195,"height":274},{"@type":"WebPage","@id":"https:\/\/www.camforpro.com\/blog\/camforpro-com-auf-der-kart-ausstellung-22-01-2011\/#webpage","url":"https:\/\/www.camforpro.com\/blog\/camforpro-com-auf-der-kart-ausstellung-22-01-2011\/","name":"camforpro.com auf der Kart-Ausstellung am 22.01.2011 - camforpro Blog","isPartOf":{"@id":"https:\/\/www.camforpro.com\/blog\/#website"},"primaryImageOfPage":{"@id":"https:\/\/www.camforpro.com\/blog\/camforpro-com-auf-der-kart-ausstellung-22-01-2011\/#primaryimage"},"datePublished":"2011-01-17T15:14:27+00:00","dateModified":"2014-10-29T13:21:48+00:00","author":{"@id":"https:\/\/www.camforpro.com\/blog\/#\/schema\/person\/0b52bbaa8958b13d67074892c080680d"},"description":"camforpro.com auf der Kart-Ausstellung Offenbach","breadcrumb":{"@id":"https:\/\/www.camforpro.com\/blog\/camforpro-com-auf-der-kart-ausstellung-22-01-2011\/#breadcrumb"},"inLanguage":"de","potentialAction":[{"@type":"ReadAction","target":["https:\/\/www.camforpro.com\/blog\/camforpro-com-auf-der-kart-ausstellung-22-01-2011\/"]}]},{"@type":"BreadcrumbList","@id":"https:\/\/www.camforpro.com\/blog\/camforpro-com-auf-der-kart-ausstellung-22-01-2011\/#breadcrumb","itemListElement":[{"@type":"ListItem","position":1,"name":"Home","item":"https:\/\/www.camforpro.com\/blog\/"},{"@type":"ListItem","position":2,"name":"camforpro.com auf der Kart-Ausstellung am 22.01.2011"}]},{"@type":"Person","@id":"https:\/\/www.camforpro.com\/blog\/#\/schema\/person\/0b52bbaa8958b13d67074892c080680d","name":"Stephan","image":{"@type":"ImageObject","@id":"https:\/\/www.camforpro.com\/blog\/#personlogo","inLanguage":"de","url":"https:\/\/secure.gravatar.com\/avatar\/7713bcb4f818cc58c5f4037663fb0cd3?s=96&d=mm&r=g","contentUrl":"https:\/\/secure.gravatar.com\/avatar\/7713bcb4f818cc58c5f4037663fb0cd3?s=96&d=mm&r=g","caption":"Stephan"},"url":"https:\/\/www.camforpro.com\/blog\/author\/stephan\/"}]}},"_links":{"self":[{"href":"https:\/\/www.camforpro.com\/blog\/wp-json\/wp\/v2\/posts\/185"}],"collection":[{"href":"https:\/\/www.camforpro.com\/blog\/wp-json\/wp\/v2\/posts"}],"about":[{"href":"https:\/\/www.camforpro.com\/blog\/wp-json\/wp\/v2\/types\/post"}],"author":[{"embeddable":true,"href":"https:\/\/www.camforpro.com\/blog\/wp-json\/wp\/v2\/users\/6"}],"replies":[{"embeddable":true,"href":"https:\/\/www.camforpro.com\/blog\/wp-json\/wp\/v2\/comments?post=185"}],"version-history":[{"count":3,"href":"https:\/\/www.camforpro.com\/blog\/wp-json\/wp\/v2\/posts\/185\/revisions"}],"predecessor-version":[{"id":190,"href":"https:\/\/www.camforpro.com\/blog\/wp-json\/wp\/v2\/posts\/185\/revisions\/190"}],"wp:featuredmedia":[{"embeddable":true,"href":"https:\/\/www.camforpro.com\/blog\/wp-json\/wp\/v2\/media\/186"}],"wp:attachment":[{"href":"https:\/\/www.camforpro.com\/blog\/wp-json\/wp\/v2\/media?parent=185"}],"wp:term":[{"taxonomy":"category","embeddable":true,"href":"https:\/\/www.camforpro.com\/blog\/wp-json\/wp\/v2\/categories?post=185"},{"taxonomy":"post_tag","embeddable":true,"href":"https:\/\/www.camforpro.com\/blog\/wp-json\/wp\/v2\/tags?post=185"}],"curies":[{"name":"wp","href":"https:\/\/api.w.org\/{rel}","templated":true}]}}