{"id":12828,"date":"2024-05-16T16:03:00","date_gmt":"2024-05-16T14:03:00","guid":{"rendered":"https:\/\/www.camforpro.com\/blog\/?p=12828"},"modified":"2024-05-16T16:03:26","modified_gmt":"2024-05-16T14:03:26","slug":"peak-design-pouches","status":"publish","type":"post","link":"https:\/\/www.camforpro.com\/blog\/peak-design-pouches\/","title":{"rendered":"Travel In Style! Peak Design Pouches sch\u00fctzen und organisieren Deine Gadgets"},"content":{"rendered":"\n<p><a href=\"https:\/\/www.camforpro.com\/peak-design\/\" target=\"_blank\" rel=\"noreferrer noopener\">Peak Design<\/a> kreiert innovative Produkte f\u00fcr Foto- und Technik-Enthusiasten. Die Taschen, Rucks\u00e4cke und Pouches der Marke aus San Francisco organisieren dein Equipment, sch\u00fctzen es und sehen dabei richtig gut aus. Die hochwertig verarbeiteten Foto-Bags und weiteres praktisches Zubeh\u00f6r haben der Marke viele Fans beschert.  Heute gilt sie zurecht als eine der Top-Brands in der Fotobranche. Mit der \u201e<a href=\"https:\/\/www.camforpro.com\/brands\/peak-design\/mobile\/\" target=\"_blank\" rel=\"noreferrer noopener\">Mobile<\/a>\u201c Serie, einem cleveren Smartphone-Komplettsystem mit Magnettechnologie, gelang zudem der gro\u00dfe Wurf im Bereich Smartphone-Accessoires.<\/p>\n\n\n\n<p>In diesem Beitrag wollen wir uns die Pouches von Peak Design einmal genauer anschauen und dabei vor allem die Tech Pouch in den Fokus nehmen.<\/p>\n\n\n\n<div class=\"wp-block-buttons aligncenter\">\n<div class=\"wp-block-button is-style-outline\"><a class=\"wp-block-button__link\" href=\"https:\/\/www.camforpro.com\/peak-design-tech-pouch\/\" target=\"_blank\" rel=\"noreferrer noopener\">Direkt zum Produkt<\/a><\/div>\n<\/div>\n\n\n\n<p>Du bist unterwegs und brauchst einiges an Equipment oder Kabeln? Du startest in den Urlaub und h\u00e4ttest gerne alles \u00fcbersichtlich und gut gesch\u00fctzt an einem Platz? Hier kommt die <a href=\"https:\/\/www.camforpro.com\/peak-design-tech-pouch\/\" target=\"_blank\" rel=\"noreferrer noopener\">Peak Design Tech Pouch<\/a> ins Spiel. Schluss mit random verteilten Cams, Ladeger\u00e4ten oder Speicherkarten in diversen (Jacken-) Taschen oder gar T\u00fcten.<\/p>\n\n\n\n<div class=\"wp-block-image is-style-rounded\"><figure class=\"alignright size-large is-resized\"><a href=\"https:\/\/www.camforpro.com\/blog\/wp-content\/uploads\/2024\/05\/IMG_5318-scaled.jpg\"><img loading=\"lazy\" src=\"https:\/\/www.camforpro.com\/blog\/wp-content\/uploads\/2024\/05\/IMG_5318-768x1024.jpg\" alt=\"Ge\u00f6ffnete Peak Design Tech Pouch mit elektronischen Gadgets\" class=\"wp-image-12853\" width=\"258\" height=\"343\" srcset=\"https:\/\/www.camforpro.com\/blog\/wp-content\/uploads\/2024\/05\/IMG_5318-768x1024.jpg 768w, https:\/\/www.camforpro.com\/blog\/wp-content\/uploads\/2024\/05\/IMG_5318-225x300.jpg 225w, https:\/\/www.camforpro.com\/blog\/wp-content\/uploads\/2024\/05\/IMG_5318-1152x1536.jpg 1152w, https:\/\/www.camforpro.com\/blog\/wp-content\/uploads\/2024\/05\/IMG_5318-1536x2048.jpg 1536w, https:\/\/www.camforpro.com\/blog\/wp-content\/uploads\/2024\/05\/IMG_5318-scaled.jpg 1920w\" sizes=\"(max-width: 258px) 100vw, 258px\" \/><\/a><\/figure><\/div>\n\n\n\n<p>Die <a href=\"https:\/\/www.camforpro.com\/peak-design-tech-pouch\/\" target=\"_blank\" rel=\"noreferrer noopener\">Tech Pouch<\/a> ist die perfekte Organizer-Tasche aus dem Peak Design Travel-Line System. Von Actioncam \u00fcber Smartphone-Zubeh\u00f6r bis zu allen anderen elektronischen Gadgets findet alles seinen Platz. Das gro\u00dfe Zipper-Hauptfach l\u00e4sst sich f\u00e4cherartig und auf voller L\u00e4nge aufklappen und bietet so direkten Zugang zu deinem Zubeh\u00f6r. Es gibt gro\u00dfe und kleine Zipper-F\u00e4cher, Magnet-Pouches und Steckf\u00e4cher. Das Material der Steckf\u00e4cher ist elastisch und h\u00e4lt deine wertvollen Gadgets sicher am Platz. Selbst winzige Micro-USB-Karten und Schr\u00e4ubchen finden ganz selbstverst\u00e4ndlich ihren Platz.<\/p>\n\n\n\n<p>Die Anordnung der verschiedenen F\u00e4cher ist super \u00fcbersichtlich, mit einem Griff hast du alles am Start. Die Polsterung der Tech-Pouch sorgt dabei daf\u00fcr, dass alles 100% sicher verstaut ist. Nichts kann zerkratzen, nichts kann kaputt gehen. Das Volumen der <a href=\"https:\/\/www.camforpro.com\/peak-design-tech-pouch\/\" target=\"_blank\" rel=\"noreferrer noopener\">Tech Pouch<\/a> betr\u00e4gt \u201enur\u201c 2 Liter, umso erstaunlicher, was alles hineinpasst. <\/p>\n\n\n\n<p><\/p>\n\n\n\n<div class=\"wp-block-image\"><figure class=\"aligncenter size-large is-resized\"><a href=\"https:\/\/www.camforpro.com\/blog\/wp-content\/uploads\/2024\/05\/Filled-Tech-Pouch-II.jpg\"><img loading=\"lazy\" src=\"https:\/\/www.camforpro.com\/blog\/wp-content\/uploads\/2024\/05\/Filled-Tech-Pouch-II.jpg\" alt=\"Gef\u00fcllte Techniktasche von Peak Design\" class=\"wp-image-12890\" width=\"254\" height=\"202\" srcset=\"https:\/\/www.camforpro.com\/blog\/wp-content\/uploads\/2024\/05\/Filled-Tech-Pouch-II.jpg 507w, https:\/\/www.camforpro.com\/blog\/wp-content\/uploads\/2024\/05\/Filled-Tech-Pouch-II-300x239.jpg 300w\" sizes=\"(max-width: 254px) 100vw, 254px\" \/><\/a><\/figure><\/div>\n\n\n\n<p>Jede Wette , dass all deine Akkus, Kabel, Ladeger\u00e4ten und mehr einen Platz finden. Und am Ende tats\u00e4chlich noch \u00fcberraschend viel Raum bleibt. Jedes Teil, was noch schnell mit muss, geht rein. Versprochen.<\/p>\n\n\n\n<div class=\"wp-block-image\"><figure class=\"alignleft size-large is-resized\"><a href=\"https:\/\/www.camforpro.com\/blog\/wp-content\/uploads\/2024\/05\/Tech-Pouch-Laden-II.jpg\"><img loading=\"lazy\" src=\"https:\/\/www.camforpro.com\/blog\/wp-content\/uploads\/2024\/05\/Tech-Pouch-Laden-II.jpg\" alt=\"Handy steckt zum Laden in Peak Design Tech Pouch\" class=\"wp-image-12856\" width=\"158\" height=\"158\" srcset=\"https:\/\/www.camforpro.com\/blog\/wp-content\/uploads\/2024\/05\/Tech-Pouch-Laden-II.jpg 600w, https:\/\/www.camforpro.com\/blog\/wp-content\/uploads\/2024\/05\/Tech-Pouch-Laden-II-300x300.jpg 300w, https:\/\/www.camforpro.com\/blog\/wp-content\/uploads\/2024\/05\/Tech-Pouch-Laden-II-480x480.jpg 480w\" sizes=\"(max-width: 158px) 100vw, 158px\" \/><\/a><\/figure><\/div>\n\n\n\n<p>Auf der Reise macht sich die <a href=\"https:\/\/www.camforpro.com\/peak-design-tech-pouch\/\" target=\"_blank\" rel=\"noreferrer noopener\">Peak Design Tech Pouch <\/a>perfekt als Travel Buddy. In der weich gepolsterten, leicht zug\u00e4nglichen Rei\u00dfverschluss-Au\u00dfentasche kannst du beispielsweise dein Smartphone bequem laden. <\/p>\n\n\n\n<p>Wie das geht? Einfach eine Power Bank mit einpacken und das Kabel bequem durch den Kabeldurchlass im Fach ziehen!<\/p>\n\n\n\n<p><\/p>\n\n\n\n<p>F\u00fcr noch mehr Komfort auf Reisen sorgen \u00d6sen f\u00fcr die Ankerschlaufen eines Peak Design Kameragurts. Robust vern\u00e4hte (Trage-) Schlaufen sorgen ansonsten auch f\u00fcr eine bequeme Kombination mit herk\u00f6mmlichen Trolleys oder Reiseaschen.<\/p>\n\n\n\n<div class=\"wp-block-image\"><figure class=\"alignright size-large is-resized\"><a href=\"https:\/\/www.camforpro.com\/blog\/wp-content\/uploads\/2024\/05\/Tech-Pouch-Line-Up-II.jpg\"><img loading=\"lazy\" src=\"https:\/\/www.camforpro.com\/blog\/wp-content\/uploads\/2024\/05\/Tech-Pouch-Line-Up-II.jpg\" alt=\"Peak Design Tech Pouch Line-Up freigestellt\" class=\"wp-image-12840\" width=\"234\" height=\"234\" srcset=\"https:\/\/www.camforpro.com\/blog\/wp-content\/uploads\/2024\/05\/Tech-Pouch-Line-Up-II.jpg 600w, https:\/\/www.camforpro.com\/blog\/wp-content\/uploads\/2024\/05\/Tech-Pouch-Line-Up-II-300x300.jpg 300w, https:\/\/www.camforpro.com\/blog\/wp-content\/uploads\/2024\/05\/Tech-Pouch-Line-Up-II-480x480.jpg 480w\" sizes=\"(max-width: 234px) 100vw, 234px\" \/><\/a><\/figure><\/div>\n\n\n\n<p>Wer solche Kernkompetenzen mitbringt, muss nat\u00fcrlich auch \u00e4u\u00dferlich punkten. Das Nylon-Canvasgewebe der <a href=\"https:\/\/www.camforpro.com\/peak-design-tech-pouch\/\" target=\"_blank\" rel=\"noreferrer noopener\">Peak Design Tech Pouch<\/a> hat eine wasserabweisende Impr\u00e4gnierung und ist \u00e4u\u00dferst robust. Die Zipper haben eine wasserdichte Beschichtung. Wie man es von Peak Design kennt, ist die die Pouch hochwertig vern\u00e4ht und wirkt richtig edel. Das dezente Logo unterstreicht das Top-Produkt f\u00fcr Kenner. Die kleine aber feine Farbpalette punktet mit dezenten T\u00f6nen wie Salbei-Gr\u00fcn oder Anthrazit-Grau. Passend \u00fcbrigens auch zur Everyday Line von Peak Design.<\/p>\n\n\n\n<p>Weitere praktische Reisebegleiter von Peak Design sind die <a href=\"https:\/\/www.camforpro.com\/peak-design-wash-pouch\/\" target=\"_blank\" rel=\"noreferrer noopener\">Wash Pouch<\/a> (<a href=\"https:\/\/www.camforpro.com\/peak-design-wash-pouch-small\/\" target=\"_blank\" rel=\"noreferrer noopener\">Small<\/a> und <a href=\"https:\/\/www.camforpro.com\/peak-design-wash-pouch\/\" target=\"_blank\" rel=\"noreferrer noopener\">Medium<\/a> Size) sowie die <a href=\"https:\/\/www.camforpro.com\/peak-design-shoe-pouch\/\" target=\"_blank\" rel=\"noreferrer noopener\">Shoe Pouch<\/a>. Gerade wenn dein Fokus auf Urlauben oder Kurz-Trips liegt, sind diese praktischen Begleiter ein echter Gamechanger f\u00fcr dein Gep\u00e4ck. Profi-Tipp: Die <a href=\"https:\/\/www.camforpro.com\/peak-design-packable-tote\/\" target=\"_blank\" rel=\"noreferrer noopener\">Packable Tote<\/a> mit 12L Volumen l\u00e4sst sich falten, ist federleicht und kommt mit gepolstertem Schulterriemen und Zipper.<\/p>\n\n\n\n<p>Die <a href=\"https:\/\/www.camforpro.com\/peak-design-field-pouch-v2\/\" target=\"_blank\" rel=\"noreferrer noopener\">Field Pouch <\/a>begleitet dich als echter Allrounder als Kamera-, G\u00fcrtel- oder Umh\u00e4ngetasche. <\/p>\n\n\n\n<figure class=\"wp-block-gallery columns-3 is-cropped\"><ul class=\"blocks-gallery-grid\"><li class=\"blocks-gallery-item\"><figure><a href=\"https:\/\/www.camforpro.com\/blog\/wp-content\/uploads\/2024\/05\/shoe-pouch-II.jpg\"><img loading=\"lazy\" width=\"600\" height=\"600\" src=\"https:\/\/www.camforpro.com\/blog\/wp-content\/uploads\/2024\/05\/shoe-pouch-II.jpg\" alt=\"\" data-id=\"12862\" data-full-url=\"https:\/\/www.camforpro.com\/blog\/wp-content\/uploads\/2024\/05\/shoe-pouch-II.jpg\" data-link=\"https:\/\/www.camforpro.com\/blog\/?attachment_id=12862\" class=\"wp-image-12862\" srcset=\"https:\/\/www.camforpro.com\/blog\/wp-content\/uploads\/2024\/05\/shoe-pouch-II.jpg 600w, https:\/\/www.camforpro.com\/blog\/wp-content\/uploads\/2024\/05\/shoe-pouch-II-300x300.jpg 300w, https:\/\/www.camforpro.com\/blog\/wp-content\/uploads\/2024\/05\/shoe-pouch-II-480x480.jpg 480w\" sizes=\"(max-width: 600px) 100vw, 600px\" \/><\/a><\/figure><\/li><li class=\"blocks-gallery-item\"><figure><a href=\"https:\/\/www.camforpro.com\/blog\/wp-content\/uploads\/2024\/05\/Foldable.jpg\"><img loading=\"lazy\" width=\"600\" height=\"600\" src=\"https:\/\/www.camforpro.com\/blog\/wp-content\/uploads\/2024\/05\/Foldable.jpg\" alt=\"\" data-id=\"12861\" data-full-url=\"https:\/\/www.camforpro.com\/blog\/wp-content\/uploads\/2024\/05\/Foldable.jpg\" data-link=\"https:\/\/www.camforpro.com\/blog\/?attachment_id=12861\" class=\"wp-image-12861\" srcset=\"https:\/\/www.camforpro.com\/blog\/wp-content\/uploads\/2024\/05\/Foldable.jpg 600w, https:\/\/www.camforpro.com\/blog\/wp-content\/uploads\/2024\/05\/Foldable-300x300.jpg 300w, https:\/\/www.camforpro.com\/blog\/wp-content\/uploads\/2024\/05\/Foldable-480x480.jpg 480w\" sizes=\"(max-width: 600px) 100vw, 600px\" \/><\/a><\/figure><\/li><li class=\"blocks-gallery-item\"><figure><a href=\"https:\/\/www.camforpro.com\/blog\/wp-content\/uploads\/2024\/05\/wash-pouch-II.jpg\"><img loading=\"lazy\" width=\"600\" height=\"600\" src=\"https:\/\/www.camforpro.com\/blog\/wp-content\/uploads\/2024\/05\/wash-pouch-II.jpg\" alt=\"\" data-id=\"12863\" data-full-url=\"https:\/\/www.camforpro.com\/blog\/wp-content\/uploads\/2024\/05\/wash-pouch-II.jpg\" data-link=\"https:\/\/www.camforpro.com\/blog\/?attachment_id=12863\" class=\"wp-image-12863\" srcset=\"https:\/\/www.camforpro.com\/blog\/wp-content\/uploads\/2024\/05\/wash-pouch-II.jpg 600w, https:\/\/www.camforpro.com\/blog\/wp-content\/uploads\/2024\/05\/wash-pouch-II-300x300.jpg 300w, https:\/\/www.camforpro.com\/blog\/wp-content\/uploads\/2024\/05\/wash-pouch-II-480x480.jpg 480w\" sizes=\"(max-width: 600px) 100vw, 600px\" \/><\/a><\/figure><\/li><\/ul><\/figure>\n\n\n\n<p>Travel In Style mit <a href=\"https:\/\/www.camforpro.com\/peak-design\/\" target=\"_blank\" rel=\"noreferrer noopener\">Peak Design<\/a>!<\/p>\n\n\n\n<div class=\"wp-block-buttons aligncenter\">\n<div class=\"wp-block-button is-style-outline\"><a class=\"wp-block-button__link\" href=\"https:\/\/www.camforpro.com\/peak-design-tech-pouch\/\" target=\"_blank\" rel=\"noreferrer noopener\">Direkt zum Produkt<\/a><\/div>\n<\/div>\n","protected":false},"excerpt":{"rendered":"<p>Peak Design kreiert innovative Produkte f\u00fcr Foto- und Technik-Enthusiasten. Die Taschen, Rucks\u00e4cke und Pouches der Marke aus San Francisco organisieren dein Equipment, sch\u00fctzen es und sehen dabei richtig gut aus. Die hochwertig verarbeiteten Foto-Bags und weiteres praktisches Zubeh\u00f6r haben der Marke viele Fans beschert. Heute gilt sie zurecht als eine der Top-Brands in der Fotobranche. [&hellip;]<\/p>\n","protected":false},"author":15,"featured_media":12831,"comment_status":"open","ping_status":"open","sticky":true,"template":"","format":"standard","meta":[],"categories":[1,2],"tags":[1158,905,1156,1153,1155,813,1154,1157],"yoast_head":"<!-- This site is optimized with the Yoast SEO plugin v18.4.1 - https:\/\/yoast.com\/wordpress\/plugins\/seo\/ -->\n<title>Perfekt organisiert! Peak Design Tech Pouch f\u00fcr alle Gadgets<\/title>\n<meta name=\"description\" content=\"Alle elektronischen Gadgets \u00fcbersichtlich und sicher an einem Ort? Die innovative Peak Design Tech Pouch macht es m\u00f6glich.\" \/>\n<meta name=\"robots\" content=\"index, follow, max-snippet:-1, max-image-preview:large, max-video-preview:-1\" \/>\n<link rel=\"canonical\" href=\"https:\/\/www.camforpro.com\/blog\/peak-design-pouches\/\" \/>\n<meta property=\"og:locale\" content=\"de_DE\" \/>\n<meta property=\"og:type\" content=\"article\" \/>\n<meta property=\"og:title\" content=\"Perfekt organisiert! Peak Design Tech Pouch f\u00fcr alle Gadgets\" \/>\n<meta property=\"og:description\" content=\"Alle elektronischen Gadgets \u00fcbersichtlich und sicher an einem Ort? Die innovative Peak Design Tech Pouch macht es m\u00f6glich.\" \/>\n<meta property=\"og:url\" content=\"https:\/\/www.camforpro.com\/blog\/peak-design-pouches\/\" \/>\n<meta property=\"og:site_name\" content=\"camforpro Blog\" \/>\n<meta property=\"article:publisher\" content=\"http:\/\/www.facebook.com\/camforpro\/?fref=ts\" \/>\n<meta property=\"article:published_time\" content=\"2024-05-16T14:03:00+00:00\" \/>\n<meta property=\"article:modified_time\" content=\"2024-05-16T14:03:26+00:00\" \/>\n<meta property=\"og:image\" content=\"https:\/\/www.camforpro.com\/blog\/wp-content\/uploads\/2024\/05\/IMG_5321-scaled.jpg\" \/>\n\t<meta property=\"og:image:width\" content=\"2560\" \/>\n\t<meta property=\"og:image:height\" content=\"1920\" \/>\n\t<meta property=\"og:image:type\" content=\"image\/jpeg\" \/>\n<meta name=\"twitter:card\" content=\"summary\" \/>\n<meta name=\"twitter:label1\" content=\"Verfasst von\" \/>\n\t<meta name=\"twitter:data1\" content=\"Levi\" \/>\n\t<meta name=\"twitter:label2\" content=\"Gesch\u00e4tzte Lesezeit\" \/>\n\t<meta name=\"twitter:data2\" content=\"5\u00a0Minuten\" \/>\n<script type=\"application\/ld+json\" class=\"yoast-schema-graph\">{\"@context\":\"https:\/\/schema.org\",\"@graph\":[{\"@type\":\"WebSite\",\"@id\":\"https:\/\/www.camforpro.com\/blog\/#website\",\"url\":\"https:\/\/www.camforpro.com\/blog\/\",\"name\":\"camforpro Blog\",\"description\":\"\",\"potentialAction\":[{\"@type\":\"SearchAction\",\"target\":{\"@type\":\"EntryPoint\",\"urlTemplate\":\"https:\/\/www.camforpro.com\/blog\/?s={search_term_string}\"},\"query-input\":\"required name=search_term_string\"}],\"inLanguage\":\"de\"},{\"@type\":\"ImageObject\",\"@id\":\"https:\/\/www.camforpro.com\/blog\/peak-design-pouches\/#primaryimage\",\"inLanguage\":\"de\",\"url\":\"https:\/\/www.camforpro.com\/blog\/wp-content\/uploads\/2024\/05\/IMG_5321-scaled.jpg\",\"contentUrl\":\"https:\/\/www.camforpro.com\/blog\/wp-content\/uploads\/2024\/05\/IMG_5321-scaled.jpg\",\"width\":2560,\"height\":1920,\"caption\":\"Die Tech Pouch von Peak Design sch\u00fctz und organisiert dein Equipment\"},{\"@type\":\"WebPage\",\"@id\":\"https:\/\/www.camforpro.com\/blog\/peak-design-pouches\/#webpage\",\"url\":\"https:\/\/www.camforpro.com\/blog\/peak-design-pouches\/\",\"name\":\"Perfekt organisiert! Peak Design Tech Pouch f\u00fcr alle Gadgets\",\"isPartOf\":{\"@id\":\"https:\/\/www.camforpro.com\/blog\/#website\"},\"primaryImageOfPage\":{\"@id\":\"https:\/\/www.camforpro.com\/blog\/peak-design-pouches\/#primaryimage\"},\"datePublished\":\"2024-05-16T14:03:00+00:00\",\"dateModified\":\"2024-05-16T14:03:26+00:00\",\"author\":{\"@id\":\"https:\/\/www.camforpro.com\/blog\/#\/schema\/person\/453552de19c1bec1f19164cc0f6c9d96\"},\"description\":\"Alle elektronischen Gadgets \u00fcbersichtlich und sicher an einem Ort? Die innovative Peak Design Tech Pouch macht es m\u00f6glich.\",\"breadcrumb\":{\"@id\":\"https:\/\/www.camforpro.com\/blog\/peak-design-pouches\/#breadcrumb\"},\"inLanguage\":\"de\",\"potentialAction\":[{\"@type\":\"ReadAction\",\"target\":[\"https:\/\/www.camforpro.com\/blog\/peak-design-pouches\/\"]}]},{\"@type\":\"BreadcrumbList\",\"@id\":\"https:\/\/www.camforpro.com\/blog\/peak-design-pouches\/#breadcrumb\",\"itemListElement\":[{\"@type\":\"ListItem\",\"position\":1,\"name\":\"Home\",\"item\":\"https:\/\/www.camforpro.com\/blog\/\"},{\"@type\":\"ListItem\",\"position\":2,\"name\":\"Travel In Style! Peak Design Pouches sch\u00fctzen und organisieren Deine Gadgets\"}]},{\"@type\":\"Person\",\"@id\":\"https:\/\/www.camforpro.com\/blog\/#\/schema\/person\/453552de19c1bec1f19164cc0f6c9d96\",\"name\":\"Levi\",\"image\":{\"@type\":\"ImageObject\",\"@id\":\"https:\/\/www.camforpro.com\/blog\/#personlogo\",\"inLanguage\":\"de\",\"url\":\"https:\/\/secure.gravatar.com\/avatar\/3e47291c79ba4090bc515fe43c0a1d87?s=96&d=mm&r=g\",\"contentUrl\":\"https:\/\/secure.gravatar.com\/avatar\/3e47291c79ba4090bc515fe43c0a1d87?s=96&d=mm&r=g\",\"caption\":\"Levi\"},\"url\":\"https:\/\/www.camforpro.com\/blog\/author\/levi\/\"}]}<\/script>\n<!-- \/ Yoast SEO plugin. -->","yoast_head_json":{"title":"Perfekt organisiert! Peak Design Tech Pouch f\u00fcr alle Gadgets","description":"Alle elektronischen Gadgets \u00fcbersichtlich und sicher an einem Ort? Die innovative Peak Design Tech Pouch macht es m\u00f6glich.","robots":{"index":"index","follow":"follow","max-snippet":"max-snippet:-1","max-image-preview":"max-image-preview:large","max-video-preview":"max-video-preview:-1"},"canonical":"https:\/\/www.camforpro.com\/blog\/peak-design-pouches\/","og_locale":"de_DE","og_type":"article","og_title":"Perfekt organisiert! Peak Design Tech Pouch f\u00fcr alle Gadgets","og_description":"Alle elektronischen Gadgets \u00fcbersichtlich und sicher an einem Ort? Die innovative Peak Design Tech Pouch macht es m\u00f6glich.","og_url":"https:\/\/www.camforpro.com\/blog\/peak-design-pouches\/","og_site_name":"camforpro Blog","article_publisher":"http:\/\/www.facebook.com\/camforpro\/?fref=ts","article_published_time":"2024-05-16T14:03:00+00:00","article_modified_time":"2024-05-16T14:03:26+00:00","og_image":[{"width":2560,"height":1920,"url":"https:\/\/www.camforpro.com\/blog\/wp-content\/uploads\/2024\/05\/IMG_5321-scaled.jpg","type":"image\/jpeg"}],"twitter_card":"summary","twitter_misc":{"Verfasst von":"Levi","Gesch\u00e4tzte Lesezeit":"5\u00a0Minuten"},"schema":{"@context":"https:\/\/schema.org","@graph":[{"@type":"WebSite","@id":"https:\/\/www.camforpro.com\/blog\/#website","url":"https:\/\/www.camforpro.com\/blog\/","name":"camforpro Blog","description":"","potentialAction":[{"@type":"SearchAction","target":{"@type":"EntryPoint","urlTemplate":"https:\/\/www.camforpro.com\/blog\/?s={search_term_string}"},"query-input":"required name=search_term_string"}],"inLanguage":"de"},{"@type":"ImageObject","@id":"https:\/\/www.camforpro.com\/blog\/peak-design-pouches\/#primaryimage","inLanguage":"de","url":"https:\/\/www.camforpro.com\/blog\/wp-content\/uploads\/2024\/05\/IMG_5321-scaled.jpg","contentUrl":"https:\/\/www.camforpro.com\/blog\/wp-content\/uploads\/2024\/05\/IMG_5321-scaled.jpg","width":2560,"height":1920,"caption":"Die Tech Pouch von Peak Design sch\u00fctz und organisiert dein Equipment"},{"@type":"WebPage","@id":"https:\/\/www.camforpro.com\/blog\/peak-design-pouches\/#webpage","url":"https:\/\/www.camforpro.com\/blog\/peak-design-pouches\/","name":"Perfekt organisiert! Peak Design Tech Pouch f\u00fcr alle Gadgets","isPartOf":{"@id":"https:\/\/www.camforpro.com\/blog\/#website"},"primaryImageOfPage":{"@id":"https:\/\/www.camforpro.com\/blog\/peak-design-pouches\/#primaryimage"},"datePublished":"2024-05-16T14:03:00+00:00","dateModified":"2024-05-16T14:03:26+00:00","author":{"@id":"https:\/\/www.camforpro.com\/blog\/#\/schema\/person\/453552de19c1bec1f19164cc0f6c9d96"},"description":"Alle elektronischen Gadgets \u00fcbersichtlich und sicher an einem Ort? Die innovative Peak Design Tech Pouch macht es m\u00f6glich.","breadcrumb":{"@id":"https:\/\/www.camforpro.com\/blog\/peak-design-pouches\/#breadcrumb"},"inLanguage":"de","potentialAction":[{"@type":"ReadAction","target":["https:\/\/www.camforpro.com\/blog\/peak-design-pouches\/"]}]},{"@type":"BreadcrumbList","@id":"https:\/\/www.camforpro.com\/blog\/peak-design-pouches\/#breadcrumb","itemListElement":[{"@type":"ListItem","position":1,"name":"Home","item":"https:\/\/www.camforpro.com\/blog\/"},{"@type":"ListItem","position":2,"name":"Travel In Style! Peak Design Pouches sch\u00fctzen und organisieren Deine Gadgets"}]},{"@type":"Person","@id":"https:\/\/www.camforpro.com\/blog\/#\/schema\/person\/453552de19c1bec1f19164cc0f6c9d96","name":"Levi","image":{"@type":"ImageObject","@id":"https:\/\/www.camforpro.com\/blog\/#personlogo","inLanguage":"de","url":"https:\/\/secure.gravatar.com\/avatar\/3e47291c79ba4090bc515fe43c0a1d87?s=96&d=mm&r=g","contentUrl":"https:\/\/secure.gravatar.com\/avatar\/3e47291c79ba4090bc515fe43c0a1d87?s=96&d=mm&r=g","caption":"Levi"},"url":"https:\/\/www.camforpro.com\/blog\/author\/levi\/"}]}},"_links":{"self":[{"href":"https:\/\/www.camforpro.com\/blog\/wp-json\/wp\/v2\/posts\/12828"}],"collection":[{"href":"https:\/\/www.camforpro.com\/blog\/wp-json\/wp\/v2\/posts"}],"about":[{"href":"https:\/\/www.camforpro.com\/blog\/wp-json\/wp\/v2\/types\/post"}],"author":[{"embeddable":true,"href":"https:\/\/www.camforpro.com\/blog\/wp-json\/wp\/v2\/users\/15"}],"replies":[{"embeddable":true,"href":"https:\/\/www.camforpro.com\/blog\/wp-json\/wp\/v2\/comments?post=12828"}],"version-history":[{"count":36,"href":"https:\/\/www.camforpro.com\/blog\/wp-json\/wp\/v2\/posts\/12828\/revisions"}],"predecessor-version":[{"id":12903,"href":"https:\/\/www.camforpro.com\/blog\/wp-json\/wp\/v2\/posts\/12828\/revisions\/12903"}],"wp:featuredmedia":[{"embeddable":true,"href":"https:\/\/www.camforpro.com\/blog\/wp-json\/wp\/v2\/media\/12831"}],"wp:attachment":[{"href":"https:\/\/www.camforpro.com\/blog\/wp-json\/wp\/v2\/media?parent=12828"}],"wp:term":[{"taxonomy":"category","embeddable":true,"href":"https:\/\/www.camforpro.com\/blog\/wp-json\/wp\/v2\/categories?post=12828"},{"taxonomy":"post_tag","embeddable":true,"href":"https:\/\/www.camforpro.com\/blog\/wp-json\/wp\/v2\/tags?post=12828"}],"curies":[{"name":"wp","href":"https:\/\/api.w.org\/{rel}","templated":true}]}}