{"id":11716,"date":"2023-11-16T16:55:00","date_gmt":"2023-11-16T14:55:00","guid":{"rendered":"https:\/\/www.camforpro.com\/blog\/?p=11716"},"modified":"2024-02-13T10:50:29","modified_gmt":"2024-02-13T08:50:29","slug":"black-week-sale-2023","status":"publish","type":"post","link":"https:\/\/www.camforpro.com\/blog\/black-week-sale-2023\/","title":{"rendered":"Bester Black Sale EVER: Black Week Sale 2023 kommt!"},"content":{"rendered":"\n<p>Von Cyber bis Single \u2013 derzeit wird eine Rabatt-Aktion nach der n\u00e4chsten abgefeuert. Die Black Week jedoch ist und bleibt das ultimative Onlineshopping-Highlight des Jahres und hat bei CAM FOR PRO bereits seit 2012 Tradition. <\/p>\n\n\n\n<p class=\"has-text-align-center\"><code>Hier direkt zum Sale-Event: <a href=\"https:\/\/www.camforpro.com\/blackweek\" target=\"_blank\" rel=\"noreferrer noopener\">Black Week Sale 2023<\/a><\/code><\/p>\n\n\n\n<h4>Black Week ultimativ<\/h4>\n\n\n\n<p>Wir machen die schwarze Woche nat\u00fcrlich auch in diesem Jahr zur tiefschwarzen Schn\u00e4ppchen-Party. Gefeiert wird mit satten Rabatten, ganz viel Preisnachlass, besonderen Angeboten, echten Preisknallern und reduzierten Top-Artikeln. Anders: 100% kaufen und nur 70% ausgeben! Unser bislang gr\u00f6\u00dfter Black Week Sale mit Rabatten von bis zu 30% und mehr auf nahezu alle lagernden Produkte geht vom 20.-27.11.2023 f\u00fcr euch an den Start.<\/p>\n\n\n\n<div class=\"wp-block-image\"><figure class=\"alignright size-large is-resized\"><a href=\"https:\/\/www.camforpro.com\/blog\/wp-content\/uploads\/2023\/11\/banner_1080x1080_BWS23_SocialMedia_v01.jpg\"><img loading=\"lazy\" src=\"https:\/\/www.camforpro.com\/blog\/wp-content\/uploads\/2023\/11\/banner_1080x1080_BWS23_SocialMedia_v01-1024x1024.jpg\" alt=\"Cam For Pro Black Week Sale 2023 Logo Blau Wei\u00df\" class=\"wp-image-11718\" width=\"285\" height=\"285\" srcset=\"https:\/\/www.camforpro.com\/blog\/wp-content\/uploads\/2023\/11\/banner_1080x1080_BWS23_SocialMedia_v01-1024x1024.jpg 1024w, https:\/\/www.camforpro.com\/blog\/wp-content\/uploads\/2023\/11\/banner_1080x1080_BWS23_SocialMedia_v01-300x300.jpg 300w, https:\/\/www.camforpro.com\/blog\/wp-content\/uploads\/2023\/11\/banner_1080x1080_BWS23_SocialMedia_v01-768x768.jpg 768w, https:\/\/www.camforpro.com\/blog\/wp-content\/uploads\/2023\/11\/banner_1080x1080_BWS23_SocialMedia_v01-480x480.jpg 480w, https:\/\/www.camforpro.com\/blog\/wp-content\/uploads\/2023\/11\/banner_1080x1080_BWS23_SocialMedia_v01.jpg 1080w\" sizes=\"(max-width: 285px) 100vw, 285px\" \/><\/a><\/figure><\/div>\n\n\n\n<p>Es wird also definitiv Zeit f\u00fcr ein Warm-Up und eine aktuelle Wishlist mit Artikeln aus unserem riesigen Sortiment rund um <a href=\"https:\/\/www.camforpro.com\/kameras\/\" target=\"_blank\" rel=\"noreferrer noopener\">Kameras<\/a> &amp; <a href=\"https:\/\/www.camforpro.com\/zubehoer\/\" target=\"_blank\" rel=\"noreferrer noopener\">Equipment<\/a> f\u00fcr Action und Lifestyle. Ob <a href=\"https:\/\/www.camforpro.com\/kameras\/actionkamera\/\" target=\"_blank\" rel=\"noreferrer noopener\">Actioncam<\/a> oder <a href=\"https:\/\/www.camforpro.com\/drohnen\/\" target=\"_blank\" rel=\"noreferrer noopener\">Drohne<\/a>, ob Zubeh\u00f6r von <a href=\"https:\/\/www.camforpro.com\/zubehoer\/stative-zubehoer\/\" target=\"_blank\" rel=\"noreferrer noopener\">Stativ<\/a> bis <a href=\"https:\/\/www.camforpro.com\/zubehoer\/befestigungen\/\" target=\"_blank\" rel=\"noreferrer noopener\">Halterung<\/a> oder Powerstations und Solarpanel aus unserer Rubrik <a href=\"https:\/\/www.camforpro.com\/zubehoer\/power-solar\/\" target=\"_blank\" rel=\"noreferrer noopener\">Power &amp; Solar<\/a>. Auch in 2023 werden wir die Produkte wieder direkt im Shop f\u00fcr euch reduzieren, so dass ihr bequem und ganz ohne Code in den Check-Out gehen k\u00f6nnt.<br><br>Black Week Profi-Tipp: Bei CAM FOR PRO k\u00f6nnt ihr mehrere Wunschlisten in eurem Kundenkonto anlegen und diese auf Wunsch auch f\u00fcr Familie oder Freunde einsehbar machen. Super praktisch auch f\u00fcr alle Weihnachtselfen.<\/p>\n\n\n\n<h4>G\u00f6nn&#8217; Dir!<\/h4>\n\n\n\n<p>Ob sich selbst oder anderen einen Wunsch erf\u00fcllen \u2013 Rabatte von 5-25% auf einzelne Produkte und Top-Deals von bis zu 30% auf ausgew\u00e4hlte Marken machen auch in diesem Jahr wieder Stimmung und sind ein guter Grund, sich mal richtig zu g\u00f6nnen.<\/p>\n\n\n\n<div class=\"wp-block-image is-style-rounded\"><figure class=\"alignright size-large is-resized\"><a href=\"https:\/\/www.camforpro.com\/blog\/wp-content\/uploads\/2023\/11\/03_bws23_1080x1920.jpg\"><img loading=\"lazy\" src=\"https:\/\/www.camforpro.com\/blog\/wp-content\/uploads\/2023\/11\/03_bws23_1080x1920.jpg\" alt=\"Black Week 2023 bei Cam For Pro startet am 20.11.2023\" class=\"wp-image-11727\" width=\"215\" height=\"209\" srcset=\"https:\/\/www.camforpro.com\/blog\/wp-content\/uploads\/2023\/11\/03_bws23_1080x1920.jpg 893w, https:\/\/www.camforpro.com\/blog\/wp-content\/uploads\/2023\/11\/03_bws23_1080x1920-300x292.jpg 300w, https:\/\/www.camforpro.com\/blog\/wp-content\/uploads\/2023\/11\/03_bws23_1080x1920-768x747.jpg 768w\" sizes=\"(max-width: 215px) 100vw, 215px\" \/><\/a><\/figure><\/div>\n\n\n\n<p>Der Black Friday ist in den USA \u00fcbrigens der erste Freitag nach Thanksgiving und der traditionelle Startschuss zur vorweihnachtlichen Einkaufssaison. An diesem Tag liefern sich Shops dort seit vielen Jahren wahre Rabattschlachten und machen den Black Friday damit zum umsatzst\u00e4rksten Tag des amerikanischen Einzelhandels. Vor rund 10 Jahren hat das Black Friday Fieber auch uns Europ\u00e4er angesteckt. Wenn Du bereits jetzt Deine Lieblingsshops im Stundentakt auf News \u00fcberpr\u00fcfst und liebevoll Wunschlisten anlegt, bist Du \u00fcbrigens selbst infiziert und wir erz\u00e4hlen Dir nichts Neues.<\/p>\n\n\n\n<h4>Startschuss zum Sparen<\/h4>\n\n\n\n<p>Ab Montag dem 20.11.23 hat das Warten ein Ende und wir starten direkt mit satten Rabatten und echten Deals durch. Die Black Sale Woche \u00fcber wird es dann t\u00e4glich neue Lieferungen und neue Angebote geben. Pssst: In diesem Jahr haben wir bsp. auch zwei echte Top-Deals zur <strong><a href=\"https:\/\/www.camforpro.com\/gopro-hero12-black\/\" target=\"_blank\" rel=\"noreferrer noopener\">GoPro HERO12<\/a><\/strong> und zum <strong><a href=\"https:\/\/www.camforpro.com\/gopro-hero12-black-accessory-hard-bundle\/\" target=\"_blank\" rel=\"noreferrer noopener\">HERO12 Accessory Hard Bundle<\/a><\/strong> f\u00fcr euch am Start! Der tiefschwarze Freitag wird dann zum fulminanten Ende der Woche, aber Achtung \u2013 wie immer gilt: Alle Angebote \u201enur solange der Vorrat reicht\u201c.<\/p>\n\n\n\n<div class=\"wp-block-image\"><figure class=\"aligncenter size-large is-resized\"><a href=\"https:\/\/www.camforpro.com\/blog\/wp-content\/uploads\/2023\/11\/banner_1080x1080_BWS23_SocialMedia_v03.jpg\"><img loading=\"lazy\" src=\"https:\/\/www.camforpro.com\/blog\/wp-content\/uploads\/2023\/11\/banner_1080x1080_BWS23_SocialMedia_v03.jpg\" alt=\"Black Week Sale Schriftzug in Blaut\u00f6nen vor Drohne als Wasserzeichen\" class=\"wp-image-11723\" width=\"734\" height=\"498\" srcset=\"https:\/\/www.camforpro.com\/blog\/wp-content\/uploads\/2023\/11\/banner_1080x1080_BWS23_SocialMedia_v03.jpg 855w, https:\/\/www.camforpro.com\/blog\/wp-content\/uploads\/2023\/11\/banner_1080x1080_BWS23_SocialMedia_v03-300x204.jpg 300w, https:\/\/www.camforpro.com\/blog\/wp-content\/uploads\/2023\/11\/banner_1080x1080_BWS23_SocialMedia_v03-768x521.jpg 768w\" sizes=\"(max-width: 734px) 100vw, 734px\" \/><\/a><\/figure><\/div>\n\n\n\n<p class=\"has-text-align-center\"><code>Hier direkt zum Sale-Event: <a href=\"https:\/\/www.camforpro.com\/blackweek\" target=\"_blank\" rel=\"noreferrer noopener\">Black Week Sale 2023<\/a><\/code><\/p>\n","protected":false},"excerpt":{"rendered":"<p>Von Cyber bis Single \u2013 derzeit wird eine Rabatt-Aktion nach der n\u00e4chsten abgefeuert. Die Black Week jedoch ist und bleibt das ultimative Onlineshopping-Highlight des Jahres und hat bei CAM FOR PRO bereits seit 2012 Tradition. Hier direkt zum Sale-Event: Black Week Sale 2023 Black Week ultimativ Wir machen die schwarze Woche nat\u00fcrlich auch in diesem [&hellip;]<\/p>\n","protected":false},"author":4,"featured_media":11740,"comment_status":"open","ping_status":"open","sticky":false,"template":"","format":"standard","meta":[],"categories":[2],"tags":[1078,887,886,1083,1080,1079,1082,1081],"yoast_head":"<!-- This site is optimized with the Yoast SEO plugin v18.4.1 - https:\/\/yoast.com\/wordpress\/plugins\/seo\/ -->\n<title>Black Week Sale 2023 bei CAM FOR PRO mit bis zu 30% Rabatt<\/title>\n<meta name=\"description\" content=\"Der Black Week Sale 2023 ist der bislang gr\u00f6\u00dfte Sale bei CAM FOR PRO. Starke Rabatte von bis zu 30% auf Kameras und Zubeh\u00f6r warten auf Dich.\" \/>\n<meta name=\"robots\" content=\"index, follow, max-snippet:-1, max-image-preview:large, max-video-preview:-1\" \/>\n<link rel=\"canonical\" href=\"https:\/\/www.camforpro.com\/blog\/black-week-sale-2023\/\" \/>\n<meta property=\"og:locale\" content=\"de_DE\" \/>\n<meta property=\"og:type\" content=\"article\" \/>\n<meta property=\"og:title\" content=\"Black Week Sale 2023 bei CAM FOR PRO mit bis zu 30% Rabatt\" \/>\n<meta property=\"og:description\" content=\"Der Black Week Sale 2023 ist der bislang gr\u00f6\u00dfte Sale bei CAM FOR PRO. Starke Rabatte von bis zu 30% auf Kameras und Zubeh\u00f6r warten auf Dich.\" \/>\n<meta property=\"og:url\" content=\"https:\/\/www.camforpro.com\/blog\/black-week-sale-2023\/\" \/>\n<meta property=\"og:site_name\" content=\"camforpro Blog\" \/>\n<meta property=\"article:publisher\" content=\"http:\/\/www.facebook.com\/camforpro\/?fref=ts\" \/>\n<meta property=\"article:published_time\" content=\"2023-11-16T14:55:00+00:00\" \/>\n<meta property=\"article:modified_time\" content=\"2024-02-13T08:50:29+00:00\" \/>\n<meta property=\"og:image\" content=\"https:\/\/www.camforpro.com\/blog\/wp-content\/uploads\/2023\/11\/banner_1080x1080_BWS23_SocialMedia_v04.jpg\" \/>\n\t<meta property=\"og:image:width\" content=\"1062\" \/>\n\t<meta property=\"og:image:height\" content=\"644\" \/>\n\t<meta property=\"og:image:type\" content=\"image\/jpeg\" \/>\n<meta name=\"twitter:card\" content=\"summary\" \/>\n<meta name=\"twitter:label1\" content=\"Verfasst von\" \/>\n\t<meta name=\"twitter:data1\" content=\"Nina\" \/>\n\t<meta name=\"twitter:label2\" content=\"Gesch\u00e4tzte Lesezeit\" \/>\n\t<meta name=\"twitter:data2\" content=\"4\u00a0Minuten\" \/>\n<script type=\"application\/ld+json\" class=\"yoast-schema-graph\">{\"@context\":\"https:\/\/schema.org\",\"@graph\":[{\"@type\":\"WebSite\",\"@id\":\"https:\/\/www.camforpro.com\/blog\/#website\",\"url\":\"https:\/\/www.camforpro.com\/blog\/\",\"name\":\"camforpro Blog\",\"description\":\"\",\"potentialAction\":[{\"@type\":\"SearchAction\",\"target\":{\"@type\":\"EntryPoint\",\"urlTemplate\":\"https:\/\/www.camforpro.com\/blog\/?s={search_term_string}\"},\"query-input\":\"required name=search_term_string\"}],\"inLanguage\":\"de\"},{\"@type\":\"ImageObject\",\"@id\":\"https:\/\/www.camforpro.com\/blog\/black-week-sale-2023\/#primaryimage\",\"inLanguage\":\"de\",\"url\":\"https:\/\/www.camforpro.com\/blog\/wp-content\/uploads\/2023\/11\/banner_1080x1080_BWS23_SocialMedia_v04.jpg\",\"contentUrl\":\"https:\/\/www.camforpro.com\/blog\/wp-content\/uploads\/2023\/11\/banner_1080x1080_BWS23_SocialMedia_v04.jpg\",\"width\":1062,\"height\":644,\"caption\":\"Black Week Sale bei CAM FOR PRO Logo vor GoPro Zubeh\u00f6r\"},{\"@type\":\"WebPage\",\"@id\":\"https:\/\/www.camforpro.com\/blog\/black-week-sale-2023\/#webpage\",\"url\":\"https:\/\/www.camforpro.com\/blog\/black-week-sale-2023\/\",\"name\":\"Black Week Sale 2023 bei CAM FOR PRO mit bis zu 30% Rabatt\",\"isPartOf\":{\"@id\":\"https:\/\/www.camforpro.com\/blog\/#website\"},\"primaryImageOfPage\":{\"@id\":\"https:\/\/www.camforpro.com\/blog\/black-week-sale-2023\/#primaryimage\"},\"datePublished\":\"2023-11-16T14:55:00+00:00\",\"dateModified\":\"2024-02-13T08:50:29+00:00\",\"author\":{\"@id\":\"https:\/\/www.camforpro.com\/blog\/#\/schema\/person\/4b7205de4bc825fea14712a118bae244\"},\"description\":\"Der Black Week Sale 2023 ist der bislang gr\u00f6\u00dfte Sale bei CAM FOR PRO. Starke Rabatte von bis zu 30% auf Kameras und Zubeh\u00f6r warten auf Dich.\",\"breadcrumb\":{\"@id\":\"https:\/\/www.camforpro.com\/blog\/black-week-sale-2023\/#breadcrumb\"},\"inLanguage\":\"de\",\"potentialAction\":[{\"@type\":\"ReadAction\",\"target\":[\"https:\/\/www.camforpro.com\/blog\/black-week-sale-2023\/\"]}]},{\"@type\":\"BreadcrumbList\",\"@id\":\"https:\/\/www.camforpro.com\/blog\/black-week-sale-2023\/#breadcrumb\",\"itemListElement\":[{\"@type\":\"ListItem\",\"position\":1,\"name\":\"Home\",\"item\":\"https:\/\/www.camforpro.com\/blog\/\"},{\"@type\":\"ListItem\",\"position\":2,\"name\":\"Bester Black Sale EVER: Black Week Sale 2023 kommt!\"}]},{\"@type\":\"Person\",\"@id\":\"https:\/\/www.camforpro.com\/blog\/#\/schema\/person\/4b7205de4bc825fea14712a118bae244\",\"name\":\"Nina\",\"image\":{\"@type\":\"ImageObject\",\"@id\":\"https:\/\/www.camforpro.com\/blog\/#personlogo\",\"inLanguage\":\"de\",\"url\":\"https:\/\/secure.gravatar.com\/avatar\/348e6632a71ae66b517a24fbaf840d9c?s=96&d=mm&r=g\",\"contentUrl\":\"https:\/\/secure.gravatar.com\/avatar\/348e6632a71ae66b517a24fbaf840d9c?s=96&d=mm&r=g\",\"caption\":\"Nina\"},\"url\":\"https:\/\/www.camforpro.com\/blog\/author\/nina\/\"}]}<\/script>\n<!-- \/ Yoast SEO plugin. -->","yoast_head_json":{"title":"Black Week Sale 2023 bei CAM FOR PRO mit bis zu 30% Rabatt","description":"Der Black Week Sale 2023 ist der bislang gr\u00f6\u00dfte Sale bei CAM FOR PRO. Starke Rabatte von bis zu 30% auf Kameras und Zubeh\u00f6r warten auf Dich.","robots":{"index":"index","follow":"follow","max-snippet":"max-snippet:-1","max-image-preview":"max-image-preview:large","max-video-preview":"max-video-preview:-1"},"canonical":"https:\/\/www.camforpro.com\/blog\/black-week-sale-2023\/","og_locale":"de_DE","og_type":"article","og_title":"Black Week Sale 2023 bei CAM FOR PRO mit bis zu 30% Rabatt","og_description":"Der Black Week Sale 2023 ist der bislang gr\u00f6\u00dfte Sale bei CAM FOR PRO. Starke Rabatte von bis zu 30% auf Kameras und Zubeh\u00f6r warten auf Dich.","og_url":"https:\/\/www.camforpro.com\/blog\/black-week-sale-2023\/","og_site_name":"camforpro Blog","article_publisher":"http:\/\/www.facebook.com\/camforpro\/?fref=ts","article_published_time":"2023-11-16T14:55:00+00:00","article_modified_time":"2024-02-13T08:50:29+00:00","og_image":[{"width":1062,"height":644,"url":"https:\/\/www.camforpro.com\/blog\/wp-content\/uploads\/2023\/11\/banner_1080x1080_BWS23_SocialMedia_v04.jpg","type":"image\/jpeg"}],"twitter_card":"summary","twitter_misc":{"Verfasst von":"Nina","Gesch\u00e4tzte Lesezeit":"4\u00a0Minuten"},"schema":{"@context":"https:\/\/schema.org","@graph":[{"@type":"WebSite","@id":"https:\/\/www.camforpro.com\/blog\/#website","url":"https:\/\/www.camforpro.com\/blog\/","name":"camforpro Blog","description":"","potentialAction":[{"@type":"SearchAction","target":{"@type":"EntryPoint","urlTemplate":"https:\/\/www.camforpro.com\/blog\/?s={search_term_string}"},"query-input":"required name=search_term_string"}],"inLanguage":"de"},{"@type":"ImageObject","@id":"https:\/\/www.camforpro.com\/blog\/black-week-sale-2023\/#primaryimage","inLanguage":"de","url":"https:\/\/www.camforpro.com\/blog\/wp-content\/uploads\/2023\/11\/banner_1080x1080_BWS23_SocialMedia_v04.jpg","contentUrl":"https:\/\/www.camforpro.com\/blog\/wp-content\/uploads\/2023\/11\/banner_1080x1080_BWS23_SocialMedia_v04.jpg","width":1062,"height":644,"caption":"Black Week Sale bei CAM FOR PRO Logo vor GoPro Zubeh\u00f6r"},{"@type":"WebPage","@id":"https:\/\/www.camforpro.com\/blog\/black-week-sale-2023\/#webpage","url":"https:\/\/www.camforpro.com\/blog\/black-week-sale-2023\/","name":"Black Week Sale 2023 bei CAM FOR PRO mit bis zu 30% Rabatt","isPartOf":{"@id":"https:\/\/www.camforpro.com\/blog\/#website"},"primaryImageOfPage":{"@id":"https:\/\/www.camforpro.com\/blog\/black-week-sale-2023\/#primaryimage"},"datePublished":"2023-11-16T14:55:00+00:00","dateModified":"2024-02-13T08:50:29+00:00","author":{"@id":"https:\/\/www.camforpro.com\/blog\/#\/schema\/person\/4b7205de4bc825fea14712a118bae244"},"description":"Der Black Week Sale 2023 ist der bislang gr\u00f6\u00dfte Sale bei CAM FOR PRO. Starke Rabatte von bis zu 30% auf Kameras und Zubeh\u00f6r warten auf Dich.","breadcrumb":{"@id":"https:\/\/www.camforpro.com\/blog\/black-week-sale-2023\/#breadcrumb"},"inLanguage":"de","potentialAction":[{"@type":"ReadAction","target":["https:\/\/www.camforpro.com\/blog\/black-week-sale-2023\/"]}]},{"@type":"BreadcrumbList","@id":"https:\/\/www.camforpro.com\/blog\/black-week-sale-2023\/#breadcrumb","itemListElement":[{"@type":"ListItem","position":1,"name":"Home","item":"https:\/\/www.camforpro.com\/blog\/"},{"@type":"ListItem","position":2,"name":"Bester Black Sale EVER: Black Week Sale 2023 kommt!"}]},{"@type":"Person","@id":"https:\/\/www.camforpro.com\/blog\/#\/schema\/person\/4b7205de4bc825fea14712a118bae244","name":"Nina","image":{"@type":"ImageObject","@id":"https:\/\/www.camforpro.com\/blog\/#personlogo","inLanguage":"de","url":"https:\/\/secure.gravatar.com\/avatar\/348e6632a71ae66b517a24fbaf840d9c?s=96&d=mm&r=g","contentUrl":"https:\/\/secure.gravatar.com\/avatar\/348e6632a71ae66b517a24fbaf840d9c?s=96&d=mm&r=g","caption":"Nina"},"url":"https:\/\/www.camforpro.com\/blog\/author\/nina\/"}]}},"_links":{"self":[{"href":"https:\/\/www.camforpro.com\/blog\/wp-json\/wp\/v2\/posts\/11716"}],"collection":[{"href":"https:\/\/www.camforpro.com\/blog\/wp-json\/wp\/v2\/posts"}],"about":[{"href":"https:\/\/www.camforpro.com\/blog\/wp-json\/wp\/v2\/types\/post"}],"author":[{"embeddable":true,"href":"https:\/\/www.camforpro.com\/blog\/wp-json\/wp\/v2\/users\/4"}],"replies":[{"embeddable":true,"href":"https:\/\/www.camforpro.com\/blog\/wp-json\/wp\/v2\/comments?post=11716"}],"version-history":[{"count":15,"href":"https:\/\/www.camforpro.com\/blog\/wp-json\/wp\/v2\/posts\/11716\/revisions"}],"predecessor-version":[{"id":11749,"href":"https:\/\/www.camforpro.com\/blog\/wp-json\/wp\/v2\/posts\/11716\/revisions\/11749"}],"wp:featuredmedia":[{"embeddable":true,"href":"https:\/\/www.camforpro.com\/blog\/wp-json\/wp\/v2\/media\/11740"}],"wp:attachment":[{"href":"https:\/\/www.camforpro.com\/blog\/wp-json\/wp\/v2\/media?parent=11716"}],"wp:term":[{"taxonomy":"category","embeddable":true,"href":"https:\/\/www.camforpro.com\/blog\/wp-json\/wp\/v2\/categories?post=11716"},{"taxonomy":"post_tag","embeddable":true,"href":"https:\/\/www.camforpro.com\/blog\/wp-json\/wp\/v2\/tags?post=11716"}],"curies":[{"name":"wp","href":"https:\/\/api.w.org\/{rel}","templated":true}]}}